{"id":19963,"date":"2021-01-30T10:29:10","date_gmt":"2021-01-30T10:29:10","guid":{"rendered":"https:\/\/blogdorogeriogomes.com.br\/?p=19963"},"modified":"2021-02-01T12:21:08","modified_gmt":"2021-02-01T12:21:08","slug":"ex-prefeito-roberto-claudio-vai-se-mudar-com-a-familia-para-sao-paulo-objetivo-e-um-periodo-de-estudos","status":"publish","type":"post","link":"https:\/\/blogdorogeriogomes.com.br\/noticias\/2021\/01\/ex-prefeito-roberto-claudio-vai-se-mudar-com-a-familia-para-sao-paulo-objetivo-e-um-periodo-de-estudos\/","title":{"rendered":"Ex-prefeito Roberto Cl\u00e1udio vai se mudar com a fam\u00edlia para S\u00e3o Paulo. Objetivo \u00e9 um per\u00edodo de estudos"},"content":{"rendered":"\n<p>O ex-prefeito de Fortaleza, Roberto Cl\u00e1udio (PDT), anunciou pelas redes sociais, nesta sexta-feira, dia 29 de janeiro, que est\u00e1 de malas prontas para se mudar para S\u00e3o Paulo. O objetivo \u00e9 descansar e se dedicar aos estudos. Roberto Cl\u00e1udio segue para a Capital paulista acompanhado da esposa Carolina Bezerra e das duas filhas.&nbsp;A ideia \u00e9 fazer um p\u00f3s-doutorado na Funda\u00e7\u00e3o Get\u00falio Vargas.&nbsp;<\/p>\n\n\n\n<p>Depois de passar a Prefeitura de Fortaleza para o novo prefeito Jos\u00e9 Sarto (PDT), Roberto Cl\u00e1udio anunciou que iria tirar um tempo para descanso, leitura e estudo. Afinal, foram oito anos de gest\u00e3o \u00e0 frente da Capital cearense. Com uma administra\u00e7\u00e3o bem avaliada, Roberto Cl\u00e1udio se credencia para ser um dos nomes do PDT para concorrer ao Governo do Cear\u00e1 em 2022.<\/p>\n\n\n\n<figure class=\"wp-block-image size-large\"><img loading=\"lazy\" decoding=\"async\" width=\"1024\" height=\"832\" src=\"https:\/\/blogdorogeriogomes.com.br\/wp-content\/uploads\/2021\/01\/142363413_2897077040560781_5807874685474155853_n-14756553-1024x832.jpg\" alt=\"\" class=\"wp-image-19964\" srcset=\"https:\/\/blogdorogeriogomes.com.br\/noticias\/wp-content\/uploads\/2021\/01\/142363413_2897077040560781_5807874685474155853_n-14756553-1024x832.jpg 1024w, https:\/\/blogdorogeriogomes.com.br\/noticias\/wp-content\/uploads\/2021\/01\/142363413_2897077040560781_5807874685474155853_n-14756553-300x244.jpg 300w, https:\/\/blogdorogeriogomes.com.br\/noticias\/wp-content\/uploads\/2021\/01\/142363413_2897077040560781_5807874685474155853_n-14756553-768x624.jpg 768w, https:\/\/blogdorogeriogomes.com.br\/noticias\/wp-content\/uploads\/2021\/01\/142363413_2897077040560781_5807874685474155853_n-14756553-1536x1248.jpg 1536w, https:\/\/blogdorogeriogomes.com.br\/noticias\/wp-content\/uploads\/2021\/01\/142363413_2897077040560781_5807874685474155853_n-14756553-800x650.jpg 800w, https:\/\/blogdorogeriogomes.com.br\/noticias\/wp-content\/uploads\/2021\/01\/142363413_2897077040560781_5807874685474155853_n-14756553.jpg 1920w\" sizes=\"auto, (max-width: 1024px) 100vw, 1024px\" \/><\/figure>\n","protected":false},"excerpt":{"rendered":"<p>O ex-prefeito de Fortaleza, Roberto Cl\u00e1udio (PDT), anunciou pelas redes sociais, nesta sexta-feira, dia 29 de janeiro, que est\u00e1 de malas prontas para se mudar para S\u00e3o Paulo. O objetivo \u00e9 descansar e se dedicar aos estudos. Roberto Cl\u00e1udio segue para a Capital paulista acompanhado da esposa Carolina Bezerra e das duas filhas.&nbsp;A ideia \u00e9 fazer um p\u00f3s-doutorado na Funda\u00e7\u00e3o Get\u00falio Vargas.&nbsp; Depois de passar a Prefeitura de Fortaleza para o novo prefeito Jos\u00e9 Sarto (PDT), Roberto Cl\u00e1udio anunciou&hellip;<\/p>\n","protected":false},"author":1,"featured_media":19964,"comment_status":"open","ping_status":"open","sticky":false,"template":"","format":"standard","meta":{"footnotes":""},"categories":[1],"tags":[],"class_list":["post-19963","post","type-post","status-publish","format-standard","has-post-thumbnail","hentry","category-noticias"],"_links":{"self":[{"href":"https:\/\/blogdorogeriogomes.com.br\/noticias\/wp-json\/wp\/v2\/posts\/19963","targetHints":{"allow":["GET"]}}],"collection":[{"href":"https:\/\/blogdorogeriogomes.com.br\/noticias\/wp-json\/wp\/v2\/posts"}],"about":[{"href":"https:\/\/blogdorogeriogomes.com.br\/noticias\/wp-json\/wp\/v2\/types\/post"}],"author":[{"embeddable":true,"href":"https:\/\/blogdorogeriogomes.com.br\/noticias\/wp-json\/wp\/v2\/users\/1"}],"replies":[{"embeddable":true,"href":"https:\/\/blogdorogeriogomes.com.br\/noticias\/wp-json\/wp\/v2\/comments?post=19963"}],"version-history":[{"count":2,"href":"https:\/\/blogdorogeriogomes.com.br\/noticias\/wp-json\/wp\/v2\/posts\/19963\/revisions"}],"predecessor-version":[{"id":19973,"href":"https:\/\/blogdorogeriogomes.com.br\/noticias\/wp-json\/wp\/v2\/posts\/19963\/revisions\/19973"}],"wp:featuredmedia":[{"embeddable":true,"href":"https:\/\/blogdorogeriogomes.com.br\/noticias\/wp-json\/wp\/v2\/media\/19964"}],"wp:attachment":[{"href":"https:\/\/blogdorogeriogomes.com.br\/noticias\/wp-json\/wp\/v2\/media?parent=19963"}],"wp:term":[{"taxonomy":"category","embeddable":true,"href":"https:\/\/blogdorogeriogomes.com.br\/noticias\/wp-json\/wp\/v2\/categories?post=19963"},{"taxonomy":"post_tag","embeddable":true,"href":"https:\/\/blogdorogeriogomes.com.br\/noticias\/wp-json\/wp\/v2\/tags?post=19963"}],"curies":[{"name":"wp","href":"https:\/\/api.w.org\/{rel}","templated":true}]}}