{"id":19969,"date":"2021-02-01T09:52:07","date_gmt":"2021-02-01T09:52:07","guid":{"rendered":"https:\/\/blogdorogeriogomes.com.br\/?p=19969"},"modified":"2021-02-01T12:20:24","modified_gmt":"2021-02-01T12:20:24","slug":"camilo-santana-e-jose-sarto-participam-de-reabertura-dos-trabalhos-na-assembleia-legislativa-e-na-camara-municipal-de-fortaleza","status":"publish","type":"post","link":"https:\/\/blogdorogeriogomes.com.br\/noticias\/2021\/02\/camilo-santana-e-jose-sarto-participam-de-reabertura-dos-trabalhos-na-assembleia-legislativa-e-na-camara-municipal-de-fortaleza\/","title":{"rendered":"Camilo Santana e Jos\u00e9 Sarto participam de reabertura dos trabalhos na Assembleia Legislativa e na C\u00e2mara Municipal de Fortaleza"},"content":{"rendered":"\n<p>O governador do Cear\u00e1, Camilo Santana, participa da reabertura dos trabalhos na Assembleia Legislativa, nesta segunda-feira, dia 1\u00b0 de fevereiro. J\u00e1 o prefeito de Fortaleza, Jos\u00e9 Sarto, estar\u00e1 no rein\u00edcio das atividades na C\u00e2mara Municipal de Fortaleza, que ser\u00e1 feita de forma virtual. <br>Na Assembleia Legislativa, Evandro Leit\u00e3o toma posse como novo presidente, enquanto na C\u00e2mara a expectativa \u00e9 de defini\u00e7\u00e3o sobre a forma\u00e7\u00e3o das comiss\u00f5es t\u00e9cnicas.<br>A Assembleia Legislativa do Cear\u00e1 e C\u00e2mara Municipal de Fortaleza retomam os trabalhos com uma composi\u00e7\u00e3o diferente, ap\u00f3s o recesso parlamentar. No Legislativo Estadual, os integrantes da nova Mesa Diretora da Casa para o bi\u00eanio 2021-2022 tomam posse, em uma sess\u00e3o que ser\u00e1 realizada no formato h\u00edbrido e contar\u00e1 com a participa\u00e7\u00e3o remota do governador Camilo Santana (PT). Cinco suplentes viraram titulares e um sexto est\u00e1 no exerc\u00edcio do mandato. <\/p>\n\n\n\n<p>Na C\u00e2mara Municipal de Fortaleza, a sess\u00e3o ser\u00e1 totalmente virtual, com os vereadores participando de seus gabinetes ou de suas resid\u00eancias. O prefeito Jos\u00e9 Sarto vai participar lendo a tradicional mensagem do Executivo de forma remota, onde vai descrever as a\u00e7\u00f5es previstas de sua administra\u00e7\u00e3o para 2021. <\/p>\n\n\n\n<figure class=\"wp-block-image size-large\"><img loading=\"lazy\" decoding=\"async\" width=\"662\" height=\"464\" src=\"https:\/\/blogdorogeriogomes.com.br\/wp-content\/uploads\/2021\/02\/images-5.jpeg\" alt=\"\" class=\"wp-image-19970\" srcset=\"https:\/\/blogdorogeriogomes.com.br\/noticias\/wp-content\/uploads\/2021\/02\/images-5.jpeg 662w, https:\/\/blogdorogeriogomes.com.br\/noticias\/wp-content\/uploads\/2021\/02\/images-5-300x210.jpeg 300w\" sizes=\"auto, (max-width: 662px) 100vw, 662px\" \/><\/figure>\n","protected":false},"excerpt":{"rendered":"<p>O governador do Cear\u00e1, Camilo Santana, participa da reabertura dos trabalhos na Assembleia Legislativa, nesta segunda-feira, dia 1\u00b0 de fevereiro. J\u00e1 o prefeito de Fortaleza, Jos\u00e9 Sarto, estar\u00e1 no rein\u00edcio das atividades na C\u00e2mara Municipal de Fortaleza, que ser\u00e1 feita de forma virtual. Na Assembleia Legislativa, Evandro Leit\u00e3o toma posse como novo presidente, enquanto na C\u00e2mara a expectativa \u00e9 de defini\u00e7\u00e3o sobre a forma\u00e7\u00e3o das comiss\u00f5es t\u00e9cnicas.A Assembleia Legislativa do Cear\u00e1 e C\u00e2mara Municipal de Fortaleza retomam os trabalhos&hellip;<\/p>\n","protected":false},"author":1,"featured_media":19970,"comment_status":"open","ping_status":"open","sticky":false,"template":"","format":"standard","meta":{"footnotes":""},"categories":[1],"tags":[],"class_list":["post-19969","post","type-post","status-publish","format-standard","has-post-thumbnail","hentry","category-noticias"],"_links":{"self":[{"href":"https:\/\/blogdorogeriogomes.com.br\/noticias\/wp-json\/wp\/v2\/posts\/19969","targetHints":{"allow":["GET"]}}],"collection":[{"href":"https:\/\/blogdorogeriogomes.com.br\/noticias\/wp-json\/wp\/v2\/posts"}],"about":[{"href":"https:\/\/blogdorogeriogomes.com.br\/noticias\/wp-json\/wp\/v2\/types\/post"}],"author":[{"embeddable":true,"href":"https:\/\/blogdorogeriogomes.com.br\/noticias\/wp-json\/wp\/v2\/users\/1"}],"replies":[{"embeddable":true,"href":"https:\/\/blogdorogeriogomes.com.br\/noticias\/wp-json\/wp\/v2\/comments?post=19969"}],"version-history":[{"count":1,"href":"https:\/\/blogdorogeriogomes.com.br\/noticias\/wp-json\/wp\/v2\/posts\/19969\/revisions"}],"predecessor-version":[{"id":19971,"href":"https:\/\/blogdorogeriogomes.com.br\/noticias\/wp-json\/wp\/v2\/posts\/19969\/revisions\/19971"}],"wp:featuredmedia":[{"embeddable":true,"href":"https:\/\/blogdorogeriogomes.com.br\/noticias\/wp-json\/wp\/v2\/media\/19970"}],"wp:attachment":[{"href":"https:\/\/blogdorogeriogomes.com.br\/noticias\/wp-json\/wp\/v2\/media?parent=19969"}],"wp:term":[{"taxonomy":"category","embeddable":true,"href":"https:\/\/blogdorogeriogomes.com.br\/noticias\/wp-json\/wp\/v2\/categories?post=19969"},{"taxonomy":"post_tag","embeddable":true,"href":"https:\/\/blogdorogeriogomes.com.br\/noticias\/wp-json\/wp\/v2\/tags?post=19969"}],"curies":[{"name":"wp","href":"https:\/\/api.w.org\/{rel}","templated":true}]}}