{"id":19974,"date":"2021-02-01T17:22:41","date_gmt":"2021-02-01T17:22:41","guid":{"rendered":"https:\/\/blogdorogeriogomes.com.br\/?p=19974"},"modified":"2021-02-03T12:41:06","modified_gmt":"2021-02-03T12:41:06","slug":"evandro-leitao-assume-comando-da-al-e-promete-dar-continuidade-a-concurso-publico-para-novos-servidores","status":"publish","type":"post","link":"https:\/\/blogdorogeriogomes.com.br\/noticias\/2021\/02\/evandro-leitao-assume-comando-da-al-e-promete-dar-continuidade-a-concurso-publico-para-novos-servidores\/","title":{"rendered":"Evandro Leit\u00e3o assume comando da AL e promete dar continuidade a concurso p\u00fablico para novos servidores"},"content":{"rendered":"\n<p>Os trabalhos na Assembleia Legislativa do Cear\u00e1 foram retomados nesta segunda-feira, dia 1\u00b0 de fevereiro, com o novo presidente da Casa, deputado estadual Evandro Leit\u00e3o (PDT) tomando posse. Em discurso, Leit\u00e3o confirmou que vai dar continuidade ao processo do concurso p\u00fablico para novos servidores, que teve de ser interrompido no ano passado devido \u00e0 pandemia da Covid-19. <\/p>\n\n\n\n<p>Ainda em abril do ano passado, a Assembleia abriu inscri\u00e7\u00e3o virtual com abertura de 100 vagas distribu\u00eddas em 16 \u00e1reas profissionais. S\u00e3o 30 vagas destinadas para n\u00edvel m\u00e9dio (t\u00e9cnico legislativo) e 70 para n\u00edvel superior (analista legislativo).&nbsp;<\/p>\n\n\n\n<figure class=\"wp-block-image size-large\"><img loading=\"lazy\" decoding=\"async\" width=\"1024\" height=\"576\" src=\"https:\/\/blogdorogeriogomes.com.br\/wp-content\/uploads\/2021\/02\/evandro-leit-o-1024x576.jpg\" alt=\"\" class=\"wp-image-19975\" srcset=\"https:\/\/blogdorogeriogomes.com.br\/noticias\/wp-content\/uploads\/2021\/02\/evandro-leit-o-1024x576.jpg 1024w, https:\/\/blogdorogeriogomes.com.br\/noticias\/wp-content\/uploads\/2021\/02\/evandro-leit-o-300x169.jpg 300w, https:\/\/blogdorogeriogomes.com.br\/noticias\/wp-content\/uploads\/2021\/02\/evandro-leit-o-768x432.jpg 768w, https:\/\/blogdorogeriogomes.com.br\/noticias\/wp-content\/uploads\/2021\/02\/evandro-leit-o-800x450.jpg 800w, https:\/\/blogdorogeriogomes.com.br\/noticias\/wp-content\/uploads\/2021\/02\/evandro-leit-o.jpg 1280w\" sizes=\"auto, (max-width: 1024px) 100vw, 1024px\" \/><\/figure>\n","protected":false},"excerpt":{"rendered":"<p>Os trabalhos na Assembleia Legislativa do Cear\u00e1 foram retomados nesta segunda-feira, dia 1\u00b0 de fevereiro, com o novo presidente da Casa, deputado estadual Evandro Leit\u00e3o (PDT) tomando posse. Em discurso, Leit\u00e3o confirmou que vai dar continuidade ao processo do concurso p\u00fablico para novos servidores, que teve de ser interrompido no ano passado devido \u00e0 pandemia da Covid-19. Ainda em abril do ano passado, a Assembleia abriu inscri\u00e7\u00e3o virtual com abertura de 100 vagas distribu\u00eddas em 16 \u00e1reas profissionais. S\u00e3o&hellip;<\/p>\n","protected":false},"author":1,"featured_media":19975,"comment_status":"open","ping_status":"open","sticky":false,"template":"","format":"standard","meta":{"footnotes":""},"categories":[1],"tags":[],"class_list":["post-19974","post","type-post","status-publish","format-standard","has-post-thumbnail","hentry","category-noticias"],"_links":{"self":[{"href":"https:\/\/blogdorogeriogomes.com.br\/noticias\/wp-json\/wp\/v2\/posts\/19974","targetHints":{"allow":["GET"]}}],"collection":[{"href":"https:\/\/blogdorogeriogomes.com.br\/noticias\/wp-json\/wp\/v2\/posts"}],"about":[{"href":"https:\/\/blogdorogeriogomes.com.br\/noticias\/wp-json\/wp\/v2\/types\/post"}],"author":[{"embeddable":true,"href":"https:\/\/blogdorogeriogomes.com.br\/noticias\/wp-json\/wp\/v2\/users\/1"}],"replies":[{"embeddable":true,"href":"https:\/\/blogdorogeriogomes.com.br\/noticias\/wp-json\/wp\/v2\/comments?post=19974"}],"version-history":[{"count":2,"href":"https:\/\/blogdorogeriogomes.com.br\/noticias\/wp-json\/wp\/v2\/posts\/19974\/revisions"}],"predecessor-version":[{"id":20005,"href":"https:\/\/blogdorogeriogomes.com.br\/noticias\/wp-json\/wp\/v2\/posts\/19974\/revisions\/20005"}],"wp:featuredmedia":[{"embeddable":true,"href":"https:\/\/blogdorogeriogomes.com.br\/noticias\/wp-json\/wp\/v2\/media\/19975"}],"wp:attachment":[{"href":"https:\/\/blogdorogeriogomes.com.br\/noticias\/wp-json\/wp\/v2\/media?parent=19974"}],"wp:term":[{"taxonomy":"category","embeddable":true,"href":"https:\/\/blogdorogeriogomes.com.br\/noticias\/wp-json\/wp\/v2\/categories?post=19974"},{"taxonomy":"post_tag","embeddable":true,"href":"https:\/\/blogdorogeriogomes.com.br\/noticias\/wp-json\/wp\/v2\/tags?post=19974"}],"curies":[{"name":"wp","href":"https:\/\/api.w.org\/{rel}","templated":true}]}}