{"id":19977,"date":"2021-02-01T17:38:15","date_gmt":"2021-02-01T17:38:15","guid":{"rendered":"https:\/\/blogdorogeriogomes.com.br\/?p=19977"},"modified":"2021-02-03T12:40:47","modified_gmt":"2021-02-03T12:40:47","slug":"aracati-proibe-eventos-durante-o-carnaval-decreto-estadual-com-mais-restricoes-para-o-periodo-sera-publicado-nesta-semana","status":"publish","type":"post","link":"https:\/\/blogdorogeriogomes.com.br\/noticias\/2021\/02\/aracati-proibe-eventos-durante-o-carnaval-decreto-estadual-com-mais-restricoes-para-o-periodo-sera-publicado-nesta-semana\/","title":{"rendered":"Aracati pro\u00edbe eventos durante o Carnaval. Decreto estadual  com mais restri\u00e7\u00f5es para o per\u00edodo ser\u00e1 publicado nesta semana"},"content":{"rendered":"\n<p>O per\u00edodo de Carnaval est\u00e1 chegando e as autoridades p\u00fablicas no Cear\u00e1 v\u00e3o aumentando as restri\u00e7\u00f5es sanit\u00e1rias, a fim de evitar aglomera\u00e7\u00f5es e a consequente dissemina\u00e7\u00e3o da Covid-19 em cidades tur\u00edsticas e praianas. A Prefeitura de Aracati, por exemplo, j\u00e1 determinou a proibi\u00e7\u00e3o de eventos carnavalescos na cidade, entre os dias 11 a 17 de&nbsp; fevereiro.<\/p>\n\n\n\n<p>O Decreto Municipal pro\u00edbe eventos p\u00fablicos ou particulares de qualquer natureza tanto em lugares fechados quanto abertos. Aglomera\u00e7\u00f5es de pessoas e consumo de bebidas alco\u00f3licas em cal\u00e7adas, ruas e pra\u00e7as tamb\u00e9m n\u00e3o est\u00e3o autorizados.<\/p>\n\n\n\n<p>Ainda nesta semana, o Governo do Cear\u00e1 deve publicar um decreto espec\u00edfico para o per\u00edodo de Carnaval, que deve trazer mais restri\u00e7\u00f5es sanit\u00e1rias, inclusive, quanto \u00e0s viagens intermunicipais. Mesmo com as festas canceladas no Estado, autoridades sanit\u00e1rias temem o deslocamento de pessoas para as praias e tamb\u00e9m munic\u00edpios do interior.<\/p>\n\n\n\n<figure class=\"wp-block-image size-large\"><img loading=\"lazy\" decoding=\"async\" width=\"739\" height=\"415\" src=\"https:\/\/blogdorogeriogomes.com.br\/wp-content\/uploads\/2021\/02\/images-7.jpeg\" alt=\"\" class=\"wp-image-19978\" srcset=\"https:\/\/blogdorogeriogomes.com.br\/noticias\/wp-content\/uploads\/2021\/02\/images-7.jpeg 739w, https:\/\/blogdorogeriogomes.com.br\/noticias\/wp-content\/uploads\/2021\/02\/images-7-300x168.jpeg 300w\" sizes=\"auto, (max-width: 739px) 100vw, 739px\" \/><\/figure>\n","protected":false},"excerpt":{"rendered":"<p>O per\u00edodo de Carnaval est\u00e1 chegando e as autoridades p\u00fablicas no Cear\u00e1 v\u00e3o aumentando as restri\u00e7\u00f5es sanit\u00e1rias, a fim de evitar aglomera\u00e7\u00f5es e a consequente dissemina\u00e7\u00e3o da Covid-19 em cidades tur\u00edsticas e praianas. A Prefeitura de Aracati, por exemplo, j\u00e1 determinou a proibi\u00e7\u00e3o de eventos carnavalescos na cidade, entre os dias 11 a 17 de&nbsp; fevereiro. O Decreto Municipal pro\u00edbe eventos p\u00fablicos ou particulares de qualquer natureza tanto em lugares fechados quanto abertos. Aglomera\u00e7\u00f5es de pessoas e consumo de&hellip;<\/p>\n","protected":false},"author":1,"featured_media":19978,"comment_status":"open","ping_status":"open","sticky":false,"template":"","format":"standard","meta":{"footnotes":""},"categories":[1],"tags":[],"class_list":["post-19977","post","type-post","status-publish","format-standard","has-post-thumbnail","hentry","category-noticias"],"_links":{"self":[{"href":"https:\/\/blogdorogeriogomes.com.br\/noticias\/wp-json\/wp\/v2\/posts\/19977","targetHints":{"allow":["GET"]}}],"collection":[{"href":"https:\/\/blogdorogeriogomes.com.br\/noticias\/wp-json\/wp\/v2\/posts"}],"about":[{"href":"https:\/\/blogdorogeriogomes.com.br\/noticias\/wp-json\/wp\/v2\/types\/post"}],"author":[{"embeddable":true,"href":"https:\/\/blogdorogeriogomes.com.br\/noticias\/wp-json\/wp\/v2\/users\/1"}],"replies":[{"embeddable":true,"href":"https:\/\/blogdorogeriogomes.com.br\/noticias\/wp-json\/wp\/v2\/comments?post=19977"}],"version-history":[{"count":2,"href":"https:\/\/blogdorogeriogomes.com.br\/noticias\/wp-json\/wp\/v2\/posts\/19977\/revisions"}],"predecessor-version":[{"id":20004,"href":"https:\/\/blogdorogeriogomes.com.br\/noticias\/wp-json\/wp\/v2\/posts\/19977\/revisions\/20004"}],"wp:featuredmedia":[{"embeddable":true,"href":"https:\/\/blogdorogeriogomes.com.br\/noticias\/wp-json\/wp\/v2\/media\/19978"}],"wp:attachment":[{"href":"https:\/\/blogdorogeriogomes.com.br\/noticias\/wp-json\/wp\/v2\/media?parent=19977"}],"wp:term":[{"taxonomy":"category","embeddable":true,"href":"https:\/\/blogdorogeriogomes.com.br\/noticias\/wp-json\/wp\/v2\/categories?post=19977"},{"taxonomy":"post_tag","embeddable":true,"href":"https:\/\/blogdorogeriogomes.com.br\/noticias\/wp-json\/wp\/v2\/tags?post=19977"}],"curies":[{"name":"wp","href":"https:\/\/api.w.org\/{rel}","templated":true}]}}