{"id":19981,"date":"2021-02-02T09:17:45","date_gmt":"2021-02-02T09:17:45","guid":{"rendered":"https:\/\/blogdorogeriogomes.com.br\/?p=19981"},"modified":"2021-02-03T12:40:37","modified_gmt":"2021-02-03T12:40:37","slug":"escolas-particulares-decidem-manter-aulas-durante-periodo-do-carnaval-feriado-fica-para-o-segundo-semestre","status":"publish","type":"post","link":"https:\/\/blogdorogeriogomes.com.br\/noticias\/2021\/02\/escolas-particulares-decidem-manter-aulas-durante-periodo-do-carnaval-feriado-fica-para-o-segundo-semestre\/","title":{"rendered":"Escolas particulares decidem manter aulas durante per\u00edodo do Carnaval. Feriado fica para o segundo semestre"},"content":{"rendered":"\n<p>Seguindo a recomenda\u00e7\u00e3o feita pelo Governo do Estado, o Sindicato das Escolas de Educa\u00e7\u00e3o de Ensino da Livre Iniciativa do Estado do Cear\u00e1 (Sinepe) anunciou que vai manter as aulas durante o per\u00edodo de Carnaval este ano. O objetivo \u00e9 evitar o chamado &#8220;feriad\u00e3o&#8221; e permitir que as pessoas viajem para as praias ou interior, favorecendo o dissemina\u00e7\u00e3o da Covid-19. <\/p>\n\n\n\n<p>Com a medida, ficam adiados para o segundo semestre deste ano os feriados escolares de Carnaval dos dias 15, 16 e 17 de fevereiro. O novo decreto do Governo do Cear\u00e1, publicado no \u00faltimo s\u00e1bado, dia 30 de janeiro, recomendou \u00e0s institui\u00e7\u00f5es de ensino para que funcionem normalmente no per\u00edodo de Carnaval.<\/p>\n\n\n\n<figure class=\"wp-block-image size-large\"><img loading=\"lazy\" decoding=\"async\" width=\"626\" height=\"417\" src=\"https:\/\/blogdorogeriogomes.com.br\/wp-content\/uploads\/2021\/02\/images-8.jpeg\" alt=\"\" class=\"wp-image-19982\" srcset=\"https:\/\/blogdorogeriogomes.com.br\/noticias\/wp-content\/uploads\/2021\/02\/images-8.jpeg 626w, https:\/\/blogdorogeriogomes.com.br\/noticias\/wp-content\/uploads\/2021\/02\/images-8-300x200.jpeg 300w\" sizes=\"auto, (max-width: 626px) 100vw, 626px\" \/><\/figure>\n","protected":false},"excerpt":{"rendered":"<p>Seguindo a recomenda\u00e7\u00e3o feita pelo Governo do Estado, o Sindicato das Escolas de Educa\u00e7\u00e3o de Ensino da Livre Iniciativa do Estado do Cear\u00e1 (Sinepe) anunciou que vai manter as aulas durante o per\u00edodo de Carnaval este ano. O objetivo \u00e9 evitar o chamado &#8220;feriad\u00e3o&#8221; e permitir que as pessoas viajem para as praias ou interior, favorecendo o dissemina\u00e7\u00e3o da Covid-19. Com a medida, ficam adiados para o segundo semestre deste ano os feriados escolares de Carnaval dos dias 15,&hellip;<\/p>\n","protected":false},"author":1,"featured_media":19982,"comment_status":"open","ping_status":"open","sticky":false,"template":"","format":"standard","meta":{"footnotes":""},"categories":[1],"tags":[],"class_list":["post-19981","post","type-post","status-publish","format-standard","has-post-thumbnail","hentry","category-noticias"],"_links":{"self":[{"href":"https:\/\/blogdorogeriogomes.com.br\/noticias\/wp-json\/wp\/v2\/posts\/19981","targetHints":{"allow":["GET"]}}],"collection":[{"href":"https:\/\/blogdorogeriogomes.com.br\/noticias\/wp-json\/wp\/v2\/posts"}],"about":[{"href":"https:\/\/blogdorogeriogomes.com.br\/noticias\/wp-json\/wp\/v2\/types\/post"}],"author":[{"embeddable":true,"href":"https:\/\/blogdorogeriogomes.com.br\/noticias\/wp-json\/wp\/v2\/users\/1"}],"replies":[{"embeddable":true,"href":"https:\/\/blogdorogeriogomes.com.br\/noticias\/wp-json\/wp\/v2\/comments?post=19981"}],"version-history":[{"count":1,"href":"https:\/\/blogdorogeriogomes.com.br\/noticias\/wp-json\/wp\/v2\/posts\/19981\/revisions"}],"predecessor-version":[{"id":19983,"href":"https:\/\/blogdorogeriogomes.com.br\/noticias\/wp-json\/wp\/v2\/posts\/19981\/revisions\/19983"}],"wp:featuredmedia":[{"embeddable":true,"href":"https:\/\/blogdorogeriogomes.com.br\/noticias\/wp-json\/wp\/v2\/media\/19982"}],"wp:attachment":[{"href":"https:\/\/blogdorogeriogomes.com.br\/noticias\/wp-json\/wp\/v2\/media?parent=19981"}],"wp:term":[{"taxonomy":"category","embeddable":true,"href":"https:\/\/blogdorogeriogomes.com.br\/noticias\/wp-json\/wp\/v2\/categories?post=19981"},{"taxonomy":"post_tag","embeddable":true,"href":"https:\/\/blogdorogeriogomes.com.br\/noticias\/wp-json\/wp\/v2\/tags?post=19981"}],"curies":[{"name":"wp","href":"https:\/\/api.w.org\/{rel}","templated":true}]}}