{"id":19987,"date":"2021-02-02T14:56:50","date_gmt":"2021-02-02T14:56:50","guid":{"rendered":"https:\/\/blogdorogeriogomes.com.br\/?p=19987"},"modified":"2021-02-03T12:40:16","modified_gmt":"2021-02-03T12:40:16","slug":"vacinacao-contra-covid-19-em-formato-drive-thru-comeca-nesta-terca-feira-no-centro-de-eventos","status":"publish","type":"post","link":"https:\/\/blogdorogeriogomes.com.br\/noticias\/2021\/02\/vacinacao-contra-covid-19-em-formato-drive-thru-comeca-nesta-terca-feira-no-centro-de-eventos\/","title":{"rendered":"Vacina\u00e7\u00e3o contra Covid-19 em formato drive-thru come\u00e7a nesta ter\u00e7a-feira no Centro de Eventos"},"content":{"rendered":"\n<p>Em Fortaleza, a vacina\u00e7\u00e3o contra Covid-19 no formato drive-thru tem in\u00edcio nesta ter\u00e7a-feira, dia 2 de fevereiro, no Centro de Eventos do Cear\u00e1. Na primeira etapa de imuniza\u00e7\u00e3o, ser\u00e3o vacinados os idosos acima de 75 anos com cadastro feito previamente no site Vacine J\u00e1 ou pelo aplicativo Mais Sa\u00fade Fortaleza. A Secretaria Municipal de Sa\u00fade (SMS) orienta que o atendimento ser\u00e1 feito ap\u00f3s confirma\u00e7\u00e3o do agendamento por e-mail ou mensagem de WhatsApp. O per\u00edodo de atendimento ser\u00e1 entre 12 e 17 horas no primeiro dia. De quarta-feira, dia 3, at\u00e9 o domingo, dia 7, a vacina\u00e7\u00e3o ocorre das 9 \u00e0s 16 horas.<\/p>\n\n\n\n<p>A organiza\u00e7\u00e3o dos vacinados \u00e9 feita de modo gradativo, de acordo com a faixa et\u00e1ria, com os mais idosos no in\u00edcio da fila, conforme aponta a recomenda\u00e7\u00e3o do Minist\u00e9rio da Sa\u00fade e Secretaria da Sa\u00fade do Estado do Cear\u00e1 (Sesa). O acesso ao drive-thru ser\u00e1 pelo t\u00fanel da rua Firmino Rocha Aguiar. A Capital recebeu mais de oito mil cadastramentos.<\/p>\n\n\n\n<p>Al\u00e9m da nova modalidade em curso, as vacina\u00e7\u00f5es dos profissionais de Sa\u00fade na linha de frente do combate ao Covid-19 continuam no Centro de Eventos e em unidades hospitalares. Al\u00e9m disso, h\u00e1 tamb\u00e9m a vacina\u00e7\u00e3o domiciliar de idosos.<\/p>\n\n\n\n<figure class=\"wp-block-image size-large\"><img loading=\"lazy\" decoding=\"async\" width=\"1024\" height=\"601\" src=\"https:\/\/blogdorogeriogomes.com.br\/wp-content\/uploads\/2021\/02\/02-02-2021-Vacina-drive-thru-IMG_4009-1024x601.jpeg\" alt=\"\" class=\"wp-image-19988\" srcset=\"https:\/\/blogdorogeriogomes.com.br\/noticias\/wp-content\/uploads\/2021\/02\/02-02-2021-Vacina-drive-thru-IMG_4009-1024x601.jpeg 1024w, https:\/\/blogdorogeriogomes.com.br\/noticias\/wp-content\/uploads\/2021\/02\/02-02-2021-Vacina-drive-thru-IMG_4009-300x176.jpeg 300w, https:\/\/blogdorogeriogomes.com.br\/noticias\/wp-content\/uploads\/2021\/02\/02-02-2021-Vacina-drive-thru-IMG_4009-768x451.jpeg 768w, https:\/\/blogdorogeriogomes.com.br\/noticias\/wp-content\/uploads\/2021\/02\/02-02-2021-Vacina-drive-thru-IMG_4009-1536x902.jpeg 1536w, https:\/\/blogdorogeriogomes.com.br\/noticias\/wp-content\/uploads\/2021\/02\/02-02-2021-Vacina-drive-thru-IMG_4009-2048x1203.jpeg 2048w, https:\/\/blogdorogeriogomes.com.br\/noticias\/wp-content\/uploads\/2021\/02\/02-02-2021-Vacina-drive-thru-IMG_4009-800x470.jpeg 800w\" sizes=\"auto, (max-width: 1024px) 100vw, 1024px\" \/><\/figure>\n","protected":false},"excerpt":{"rendered":"<p>Em Fortaleza, a vacina\u00e7\u00e3o contra Covid-19 no formato drive-thru tem in\u00edcio nesta ter\u00e7a-feira, dia 2 de fevereiro, no Centro de Eventos do Cear\u00e1. Na primeira etapa de imuniza\u00e7\u00e3o, ser\u00e3o vacinados os idosos acima de 75 anos com cadastro feito previamente no site Vacine J\u00e1 ou pelo aplicativo Mais Sa\u00fade Fortaleza. A Secretaria Municipal de Sa\u00fade (SMS) orienta que o atendimento ser\u00e1 feito ap\u00f3s confirma\u00e7\u00e3o do agendamento por e-mail ou mensagem de WhatsApp. O per\u00edodo de atendimento ser\u00e1 entre 12&hellip;<\/p>\n","protected":false},"author":1,"featured_media":19988,"comment_status":"open","ping_status":"open","sticky":false,"template":"","format":"standard","meta":{"footnotes":""},"categories":[1],"tags":[],"class_list":["post-19987","post","type-post","status-publish","format-standard","has-post-thumbnail","hentry","category-noticias"],"_links":{"self":[{"href":"https:\/\/blogdorogeriogomes.com.br\/noticias\/wp-json\/wp\/v2\/posts\/19987","targetHints":{"allow":["GET"]}}],"collection":[{"href":"https:\/\/blogdorogeriogomes.com.br\/noticias\/wp-json\/wp\/v2\/posts"}],"about":[{"href":"https:\/\/blogdorogeriogomes.com.br\/noticias\/wp-json\/wp\/v2\/types\/post"}],"author":[{"embeddable":true,"href":"https:\/\/blogdorogeriogomes.com.br\/noticias\/wp-json\/wp\/v2\/users\/1"}],"replies":[{"embeddable":true,"href":"https:\/\/blogdorogeriogomes.com.br\/noticias\/wp-json\/wp\/v2\/comments?post=19987"}],"version-history":[{"count":1,"href":"https:\/\/blogdorogeriogomes.com.br\/noticias\/wp-json\/wp\/v2\/posts\/19987\/revisions"}],"predecessor-version":[{"id":19989,"href":"https:\/\/blogdorogeriogomes.com.br\/noticias\/wp-json\/wp\/v2\/posts\/19987\/revisions\/19989"}],"wp:featuredmedia":[{"embeddable":true,"href":"https:\/\/blogdorogeriogomes.com.br\/noticias\/wp-json\/wp\/v2\/media\/19988"}],"wp:attachment":[{"href":"https:\/\/blogdorogeriogomes.com.br\/noticias\/wp-json\/wp\/v2\/media?parent=19987"}],"wp:term":[{"taxonomy":"category","embeddable":true,"href":"https:\/\/blogdorogeriogomes.com.br\/noticias\/wp-json\/wp\/v2\/categories?post=19987"},{"taxonomy":"post_tag","embeddable":true,"href":"https:\/\/blogdorogeriogomes.com.br\/noticias\/wp-json\/wp\/v2\/tags?post=19987"}],"curies":[{"name":"wp","href":"https:\/\/api.w.org\/{rel}","templated":true}]}}