{"id":19990,"date":"2021-02-02T18:11:19","date_gmt":"2021-02-02T18:11:19","guid":{"rendered":"https:\/\/blogdorogeriogomes.com.br\/?p=19990"},"modified":"2021-02-03T12:39:47","modified_gmt":"2021-02-03T12:39:47","slug":"camara-municipal-de-fortaleza-discute-ampliar-restricoes-no-acesso-a-casa-para-evitar-aglomeracoes","status":"publish","type":"post","link":"https:\/\/blogdorogeriogomes.com.br\/noticias\/2021\/02\/camara-municipal-de-fortaleza-discute-ampliar-restricoes-no-acesso-a-casa-para-evitar-aglomeracoes\/","title":{"rendered":"C\u00e2mara Municipal de Fortaleza discute ampliar restri\u00e7\u00f5es no acesso \u00e0 Casa para evitar aglomera\u00e7\u00f5es"},"content":{"rendered":"\n<p>De volta aos trabalhos nesta semana, a C\u00e2mara Municipal de Fortaleza j\u00e1 apresenta as primeiras discuss\u00f5es que geram discord\u00e2ncias entre os parlamentares. Entrou em pauta, para as primeiras sess\u00f5es do ano, um Projeto de Resolu\u00e7\u00e3o que visa ampliar as medidas sanit\u00e1rias com o objetivo de evitar aglomera\u00e7\u00f5es e colaborar no controle de casos da Covid-19 na Capital. A mat\u00e9ria prop\u00f5e que as reuni\u00f5es entre os vereadores ocorra de forma virtual \u00e0s ter\u00e7as e quartas-feiras, com limite de quantidade de vereadores que possam usar presencialmente o plen\u00e1rio da Casa.<\/p>\n\n\n\n<p>O presidente da CMFor, vereador Ant\u00f4nio Henrique (PDT), defendeu o projeto sob a justificativa de garantir mais controle e seguran\u00e7a em respeito \u00e0 sa\u00fade das pessoas. &#8220;S\u00f3 teremos 15 vereadores no plen\u00e1rio, mas os demais participar\u00e3o de seus gabinetes. Ningu\u00e9m ficar\u00e1 de fora dos debates da C\u00e2mara&#8221;, ressaltou em plen\u00e1rio.<\/p>\n\n\n\n<p>As medidas restritivas geram opini\u00f5es divergentes entre membros da oposi\u00e7\u00e3o. O vereador Carmelo Neto (Republicanos) aponta que a &#8220;proibi\u00e7\u00e3o&#8221; de acesso ao plen\u00e1rio representa uma tentativa de blindagem para evitar press\u00e3o popular diante de temas relevantes a serem postos em vota\u00e7\u00e3o. Marcio Martins (Pros) pontuou que &#8220;o vereador ganha um sal\u00e1rio muito bom para reduzir jornada de trabalho&#8221;, e que o projeto pode ser visto como &#8220;regalia&#8221;.<\/p>\n\n\n\n<p>Por outro lado, a vereadora Larissa Gaspar (PT) afirma que essa restri\u00e7\u00e3o \u00e9 uma a\u00e7\u00e3o necess\u00e1ria e importante &#8220;diante de um pico da pandemia&#8221;, visto que todo o Estado do Cear\u00e1 apresenta aumento no n\u00famero de casos do novo coronav\u00edrus.<\/p>\n\n\n\n<figure class=\"wp-block-image size-large\"><img loading=\"lazy\" decoding=\"async\" width=\"739\" height=\"415\" src=\"https:\/\/blogdorogeriogomes.com.br\/wp-content\/uploads\/2021\/02\/images-10.jpeg\" alt=\"\" class=\"wp-image-19991\" srcset=\"https:\/\/blogdorogeriogomes.com.br\/noticias\/wp-content\/uploads\/2021\/02\/images-10.jpeg 739w, https:\/\/blogdorogeriogomes.com.br\/noticias\/wp-content\/uploads\/2021\/02\/images-10-300x168.jpeg 300w\" sizes=\"auto, (max-width: 739px) 100vw, 739px\" \/><\/figure>\n","protected":false},"excerpt":{"rendered":"<p>De volta aos trabalhos nesta semana, a C\u00e2mara Municipal de Fortaleza j\u00e1 apresenta as primeiras discuss\u00f5es que geram discord\u00e2ncias entre os parlamentares. Entrou em pauta, para as primeiras sess\u00f5es do ano, um Projeto de Resolu\u00e7\u00e3o que visa ampliar as medidas sanit\u00e1rias com o objetivo de evitar aglomera\u00e7\u00f5es e colaborar no controle de casos da Covid-19 na Capital. A mat\u00e9ria prop\u00f5e que as reuni\u00f5es entre os vereadores ocorra de forma virtual \u00e0s ter\u00e7as e quartas-feiras, com limite de quantidade de&hellip;<\/p>\n","protected":false},"author":1,"featured_media":19991,"comment_status":"open","ping_status":"open","sticky":false,"template":"","format":"standard","meta":{"footnotes":""},"categories":[1],"tags":[],"class_list":["post-19990","post","type-post","status-publish","format-standard","has-post-thumbnail","hentry","category-noticias"],"_links":{"self":[{"href":"https:\/\/blogdorogeriogomes.com.br\/noticias\/wp-json\/wp\/v2\/posts\/19990","targetHints":{"allow":["GET"]}}],"collection":[{"href":"https:\/\/blogdorogeriogomes.com.br\/noticias\/wp-json\/wp\/v2\/posts"}],"about":[{"href":"https:\/\/blogdorogeriogomes.com.br\/noticias\/wp-json\/wp\/v2\/types\/post"}],"author":[{"embeddable":true,"href":"https:\/\/blogdorogeriogomes.com.br\/noticias\/wp-json\/wp\/v2\/users\/1"}],"replies":[{"embeddable":true,"href":"https:\/\/blogdorogeriogomes.com.br\/noticias\/wp-json\/wp\/v2\/comments?post=19990"}],"version-history":[{"count":1,"href":"https:\/\/blogdorogeriogomes.com.br\/noticias\/wp-json\/wp\/v2\/posts\/19990\/revisions"}],"predecessor-version":[{"id":19992,"href":"https:\/\/blogdorogeriogomes.com.br\/noticias\/wp-json\/wp\/v2\/posts\/19990\/revisions\/19992"}],"wp:featuredmedia":[{"embeddable":true,"href":"https:\/\/blogdorogeriogomes.com.br\/noticias\/wp-json\/wp\/v2\/media\/19991"}],"wp:attachment":[{"href":"https:\/\/blogdorogeriogomes.com.br\/noticias\/wp-json\/wp\/v2\/media?parent=19990"}],"wp:term":[{"taxonomy":"category","embeddable":true,"href":"https:\/\/blogdorogeriogomes.com.br\/noticias\/wp-json\/wp\/v2\/categories?post=19990"},{"taxonomy":"post_tag","embeddable":true,"href":"https:\/\/blogdorogeriogomes.com.br\/noticias\/wp-json\/wp\/v2\/tags?post=19990"}],"curies":[{"name":"wp","href":"https:\/\/api.w.org\/{rel}","templated":true}]}}