{"id":19994,"date":"2021-02-02T23:12:54","date_gmt":"2021-02-02T23:12:54","guid":{"rendered":"https:\/\/blogdorogeriogomes.com.br\/?p=19994"},"modified":"2021-02-03T12:38:52","modified_gmt":"2021-02-03T12:38:52","slug":"governo-do-ceara-restringe-horario-de-funcionamento-dos-restaurantes-diante-do-agravamento-da-pandemia","status":"publish","type":"post","link":"https:\/\/blogdorogeriogomes.com.br\/noticias\/2021\/02\/governo-do-ceara-restringe-horario-de-funcionamento-dos-restaurantes-diante-do-agravamento-da-pandemia\/","title":{"rendered":"Governo do Cear\u00e1 restringe hor\u00e1rio de funcionamento dos restaurantes diante do agravamento da pandemia"},"content":{"rendered":"\n<p>O Governo do Cear\u00e1 anunciou, nesta ter\u00e7a-feira, dia 2 de fevereiro, que apenas servi\u00e7os essenciais poder\u00e3o funcionar em Fortaleza ap\u00f3s \u00e0s 20 horas. Os restaurantes e shoppings foram diretamente atingidos na semana e tamb\u00e9m nos fins de semana, quando s\u00f3 poder\u00e3o funcionar at\u00e9 \u00e0s 15 horas para o hor\u00e1rio de almo\u00e7o. Ap\u00f3s esse hor\u00e1rio, os servi\u00e7os de alimenta\u00e7\u00e3o podem funcionar com o sistema de delivery.<\/p>\n\n\n\n<p>A medida anunciada pelo governador Camilo Santana e pelo prefeito de Fortaleza, Jos\u00e9 Sarto, tem como motiva\u00e7\u00e3o o agravamento do quadro da Covid-19. Estabelecimentos comerciais que oferecem atividades econ\u00f4micas s\u00f3 poder\u00e3o funcionar at\u00e9 20 horas durante os pr\u00f3ximos 15 dias. A reabertura ser\u00e1 permitida \u00e0s 6 horas do dia seguinte. As farm\u00e1cias n\u00e3o ser\u00e3o afetadas.<\/p>\n\n\n\n<p>Na pr\u00f3xima sexta-feira, dia 5 de fevereiro, os integrantes do Comit\u00ea de Enfrentamento \u00e0 Covid-19 devem divulgar novo decreto, agora focando no per\u00edodo de Carnaval, que n\u00e3o ser\u00e1 considerado feriado neste ano.&nbsp;<\/p>\n\n\n\n<figure class=\"wp-block-image size-large\"><img loading=\"lazy\" decoding=\"async\" width=\"739\" height=\"415\" src=\"https:\/\/blogdorogeriogomes.com.br\/wp-content\/uploads\/2021\/02\/images-11.jpeg\" alt=\"\" class=\"wp-image-19995\" srcset=\"https:\/\/blogdorogeriogomes.com.br\/noticias\/wp-content\/uploads\/2021\/02\/images-11.jpeg 739w, https:\/\/blogdorogeriogomes.com.br\/noticias\/wp-content\/uploads\/2021\/02\/images-11-300x168.jpeg 300w\" sizes=\"auto, (max-width: 739px) 100vw, 739px\" \/><\/figure>\n","protected":false},"excerpt":{"rendered":"<p>O Governo do Cear\u00e1 anunciou, nesta ter\u00e7a-feira, dia 2 de fevereiro, que apenas servi\u00e7os essenciais poder\u00e3o funcionar em Fortaleza ap\u00f3s \u00e0s 20 horas. Os restaurantes e shoppings foram diretamente atingidos na semana e tamb\u00e9m nos fins de semana, quando s\u00f3 poder\u00e3o funcionar at\u00e9 \u00e0s 15 horas para o hor\u00e1rio de almo\u00e7o. Ap\u00f3s esse hor\u00e1rio, os servi\u00e7os de alimenta\u00e7\u00e3o podem funcionar com o sistema de delivery. A medida anunciada pelo governador Camilo Santana e pelo prefeito de Fortaleza, Jos\u00e9 Sarto,&hellip;<\/p>\n","protected":false},"author":1,"featured_media":19995,"comment_status":"open","ping_status":"open","sticky":false,"template":"","format":"standard","meta":{"footnotes":""},"categories":[1],"tags":[],"class_list":["post-19994","post","type-post","status-publish","format-standard","has-post-thumbnail","hentry","category-noticias"],"_links":{"self":[{"href":"https:\/\/blogdorogeriogomes.com.br\/noticias\/wp-json\/wp\/v2\/posts\/19994","targetHints":{"allow":["GET"]}}],"collection":[{"href":"https:\/\/blogdorogeriogomes.com.br\/noticias\/wp-json\/wp\/v2\/posts"}],"about":[{"href":"https:\/\/blogdorogeriogomes.com.br\/noticias\/wp-json\/wp\/v2\/types\/post"}],"author":[{"embeddable":true,"href":"https:\/\/blogdorogeriogomes.com.br\/noticias\/wp-json\/wp\/v2\/users\/1"}],"replies":[{"embeddable":true,"href":"https:\/\/blogdorogeriogomes.com.br\/noticias\/wp-json\/wp\/v2\/comments?post=19994"}],"version-history":[{"count":2,"href":"https:\/\/blogdorogeriogomes.com.br\/noticias\/wp-json\/wp\/v2\/posts\/19994\/revisions"}],"predecessor-version":[{"id":20003,"href":"https:\/\/blogdorogeriogomes.com.br\/noticias\/wp-json\/wp\/v2\/posts\/19994\/revisions\/20003"}],"wp:featuredmedia":[{"embeddable":true,"href":"https:\/\/blogdorogeriogomes.com.br\/noticias\/wp-json\/wp\/v2\/media\/19995"}],"wp:attachment":[{"href":"https:\/\/blogdorogeriogomes.com.br\/noticias\/wp-json\/wp\/v2\/media?parent=19994"}],"wp:term":[{"taxonomy":"category","embeddable":true,"href":"https:\/\/blogdorogeriogomes.com.br\/noticias\/wp-json\/wp\/v2\/categories?post=19994"},{"taxonomy":"post_tag","embeddable":true,"href":"https:\/\/blogdorogeriogomes.com.br\/noticias\/wp-json\/wp\/v2\/tags?post=19994"}],"curies":[{"name":"wp","href":"https:\/\/api.w.org\/{rel}","templated":true}]}}