{"id":19997,"date":"2021-02-03T09:14:08","date_gmt":"2021-02-03T09:14:08","guid":{"rendered":"https:\/\/blogdorogeriogomes.com.br\/?p=19997"},"modified":"2021-02-03T12:38:34","modified_gmt":"2021-02-03T12:38:34","slug":"centrao-ja-aguarda-reforma-ministerial-para-cobrar-a-conta-do-governo-bolsonaro","status":"publish","type":"post","link":"https:\/\/blogdorogeriogomes.com.br\/noticias\/2021\/02\/centrao-ja-aguarda-reforma-ministerial-para-cobrar-a-conta-do-governo-bolsonaro\/","title":{"rendered":"Centr\u00e3o j\u00e1 aguarda reforma ministerial para cobrar a &#8220;conta&#8221; do Governo Bolsonaro"},"content":{"rendered":"\n<p>Definidas as elei\u00e7\u00f5es de Arthur Lira para a presid\u00eancia da C\u00e2mara e Rodrigo Pacheco para a presid\u00eancia do Senado, com o aval do Governo Bolsonaro, o chamado Centr\u00e3o j\u00e1 come\u00e7a a cobrar a conta. Em cerca de 15 dias, ap\u00f3s o Carnaval, \u00e9 esperada uma reforma ministerial. E o bloco de parlamentares, hoje aliado do Planalto, est\u00e1 de olho em pastas importantes. <\/p>\n\n\n\n<p>Na mira do Centr\u00e3o, est\u00e3o o Minist\u00e9rio da Cidadania, respons\u00e1vel pelo programa Bolsa Fam\u00edlia e pelo aux\u00edlio emergencial, por exemplo, e a recria\u00e7\u00e3o do Minist\u00e9rio da Ind\u00fastria, Com\u00e9rcio Exterior e Servi\u00e7os. Os minist\u00e9rios da Sa\u00fade e Educa\u00e7\u00e3o tamb\u00e9m s\u00e3o cobi\u00e7ados pelo grupo.<\/p>\n\n\n\n<p>Nesta quarta-feira, dia 3 de fevereiro, acontece a elei\u00e7\u00e3o do restante da Mesa Diretora na C\u00e2mara dos Deputados, ap\u00f3s a anula\u00e7\u00e3o feira por Arthur Lira. Em acordo com a oposi\u00e7\u00e3o, novos nomes foram apresentados. A divis\u00e3o das vagas na Mesa Diretora \u00e9 feita conforme o tamanho dos partidos ou blocos. Investigada no STF por causa da produ\u00e7\u00e3o de fake news nas redes sociais, a deputada bolsonarista Bia Kicis diz que ser\u00e1 presidente da Comiss\u00e3o de Constitui\u00e7\u00e3o e Justi\u00e7a da C\u00e2mara, uma das consideradas mais importantes da Casa.<\/p>\n\n\n\n<figure class=\"wp-block-image size-large\"><img loading=\"lazy\" decoding=\"async\" width=\"868\" height=\"576\" src=\"https:\/\/blogdorogeriogomes.com.br\/wp-content\/uploads\/2021\/02\/bolsonaro_lira-868x576-1.jpg\" alt=\"\" class=\"wp-image-19998\" srcset=\"https:\/\/blogdorogeriogomes.com.br\/noticias\/wp-content\/uploads\/2021\/02\/bolsonaro_lira-868x576-1.jpg 868w, https:\/\/blogdorogeriogomes.com.br\/noticias\/wp-content\/uploads\/2021\/02\/bolsonaro_lira-868x576-1-300x199.jpg 300w, https:\/\/blogdorogeriogomes.com.br\/noticias\/wp-content\/uploads\/2021\/02\/bolsonaro_lira-868x576-1-768x510.jpg 768w, https:\/\/blogdorogeriogomes.com.br\/noticias\/wp-content\/uploads\/2021\/02\/bolsonaro_lira-868x576-1-800x531.jpg 800w\" sizes=\"auto, (max-width: 868px) 100vw, 868px\" \/><\/figure>\n","protected":false},"excerpt":{"rendered":"<p>Definidas as elei\u00e7\u00f5es de Arthur Lira para a presid\u00eancia da C\u00e2mara e Rodrigo Pacheco para a presid\u00eancia do Senado, com o aval do Governo Bolsonaro, o chamado Centr\u00e3o j\u00e1 come\u00e7a a cobrar a conta. Em cerca de 15 dias, ap\u00f3s o Carnaval, \u00e9 esperada uma reforma ministerial. E o bloco de parlamentares, hoje aliado do Planalto, est\u00e1 de olho em pastas importantes. Na mira do Centr\u00e3o, est\u00e3o o Minist\u00e9rio da Cidadania, respons\u00e1vel pelo programa Bolsa Fam\u00edlia e pelo aux\u00edlio&hellip;<\/p>\n","protected":false},"author":1,"featured_media":19998,"comment_status":"open","ping_status":"open","sticky":false,"template":"","format":"standard","meta":{"footnotes":""},"categories":[1],"tags":[],"class_list":["post-19997","post","type-post","status-publish","format-standard","has-post-thumbnail","hentry","category-noticias"],"_links":{"self":[{"href":"https:\/\/blogdorogeriogomes.com.br\/noticias\/wp-json\/wp\/v2\/posts\/19997","targetHints":{"allow":["GET"]}}],"collection":[{"href":"https:\/\/blogdorogeriogomes.com.br\/noticias\/wp-json\/wp\/v2\/posts"}],"about":[{"href":"https:\/\/blogdorogeriogomes.com.br\/noticias\/wp-json\/wp\/v2\/types\/post"}],"author":[{"embeddable":true,"href":"https:\/\/blogdorogeriogomes.com.br\/noticias\/wp-json\/wp\/v2\/users\/1"}],"replies":[{"embeddable":true,"href":"https:\/\/blogdorogeriogomes.com.br\/noticias\/wp-json\/wp\/v2\/comments?post=19997"}],"version-history":[{"count":1,"href":"https:\/\/blogdorogeriogomes.com.br\/noticias\/wp-json\/wp\/v2\/posts\/19997\/revisions"}],"predecessor-version":[{"id":19999,"href":"https:\/\/blogdorogeriogomes.com.br\/noticias\/wp-json\/wp\/v2\/posts\/19997\/revisions\/19999"}],"wp:featuredmedia":[{"embeddable":true,"href":"https:\/\/blogdorogeriogomes.com.br\/noticias\/wp-json\/wp\/v2\/media\/19998"}],"wp:attachment":[{"href":"https:\/\/blogdorogeriogomes.com.br\/noticias\/wp-json\/wp\/v2\/media?parent=19997"}],"wp:term":[{"taxonomy":"category","embeddable":true,"href":"https:\/\/blogdorogeriogomes.com.br\/noticias\/wp-json\/wp\/v2\/categories?post=19997"},{"taxonomy":"post_tag","embeddable":true,"href":"https:\/\/blogdorogeriogomes.com.br\/noticias\/wp-json\/wp\/v2\/tags?post=19997"}],"curies":[{"name":"wp","href":"https:\/\/api.w.org\/{rel}","templated":true}]}}