{"id":20000,"date":"2021-02-03T09:32:57","date_gmt":"2021-02-03T09:32:57","guid":{"rendered":"https:\/\/blogdorogeriogomes.com.br\/?p=20000"},"modified":"2021-02-03T12:38:00","modified_gmt":"2021-02-03T12:38:00","slug":"numero-de-casos-da-covid-19-volta-a-assustar-e-envolve-tambem-a-internacao-de-criancas","status":"publish","type":"post","link":"https:\/\/blogdorogeriogomes.com.br\/noticias\/2021\/02\/numero-de-casos-da-covid-19-volta-a-assustar-e-envolve-tambem-a-internacao-de-criancas\/","title":{"rendered":"N\u00famero de casos da Covid-19 volta a assustar e envolve tamb\u00e9m a interna\u00e7\u00e3o de crian\u00e7as"},"content":{"rendered":"\n<p>Diferentemente do que aconteceu na primeira onda da Covid-19, no ano passado, as crian\u00e7as agora tamb\u00e9m est\u00e3o entre as v\u00edtimas da pandemia internadas em unidades hospitalares de Fortaleza. Algumas, inclusive, em estado grave. O aumento do n\u00famero de interna\u00e7\u00f5es de crian\u00e7as em decorr\u00eancia da Covid-19 pode estar relacionada a uma nova variante do v\u00edrus, de acordo com o secret\u00e1rio da Sa\u00fade do Cear\u00e1, Carlos Roberto Martins Rodrigues Sobrinho, o Dr. Cabeto.<\/p>\n\n\n\n<p>A Capital cearense registrou um aumento no n\u00famero de pacientes com sintomas do coronav\u00edrus que procuram atendimento na rede particular de sa\u00fade. De julho a outubro de 2020, a m\u00e9dia de atendimento por dia era de 150. Hoje s\u00e3o 250 pessoas diariamente na emerg\u00eancia respirat\u00f3ria, o que representa um aumento de 66%.<\/p>\n\n\n\n<p>O m\u00eas de janeiro foi de maior n\u00famero de atendimentos por Covid-19 em Unidades de Pronto Atendimentos (UPAs) de Fortaleza, desde o in\u00edcio da pandemia. O primeiro m\u00eas do ano registrou 12.258 atendimentos de pacientes com sintomas da doen\u00e7a. O Cear\u00e1 tem 376 mil casos confirmados e 10.510 mortes por Covid-19. <\/p>\n\n\n\n<p>O Brasil chegou ao 13\u00ba dia consecutivo com m\u00e9dia m\u00f3vel de mortes por Covid-19 superior a mil. A m\u00e9dia de v\u00edtimas nos \u00faltimos sete dias \u00e9 de 1.066. Nas \u00faltimas 24 horas, o Pa\u00eds registrou 1.240 novos \u00f3bitos devido ao coronav\u00edrus.<\/p>\n\n\n\n<figure class=\"wp-block-image size-large\"><img loading=\"lazy\" decoding=\"async\" width=\"450\" height=\"337\" src=\"https:\/\/blogdorogeriogomes.com.br\/wp-content\/uploads\/2021\/02\/uti-destinada-a-pacientes-com-covid-19-no-hospital-emilio-ribas-em-sao-paulo-1610480371904_v2_450x337.jpg\" alt=\"\" class=\"wp-image-20001\" srcset=\"https:\/\/blogdorogeriogomes.com.br\/noticias\/wp-content\/uploads\/2021\/02\/uti-destinada-a-pacientes-com-covid-19-no-hospital-emilio-ribas-em-sao-paulo-1610480371904_v2_450x337.jpg 450w, https:\/\/blogdorogeriogomes.com.br\/noticias\/wp-content\/uploads\/2021\/02\/uti-destinada-a-pacientes-com-covid-19-no-hospital-emilio-ribas-em-sao-paulo-1610480371904_v2_450x337-300x225.jpg 300w, https:\/\/blogdorogeriogomes.com.br\/noticias\/wp-content\/uploads\/2021\/02\/uti-destinada-a-pacientes-com-covid-19-no-hospital-emilio-ribas-em-sao-paulo-1610480371904_v2_450x337-400x300.jpg 400w\" sizes=\"auto, (max-width: 450px) 100vw, 450px\" \/><\/figure>\n","protected":false},"excerpt":{"rendered":"<p>Diferentemente do que aconteceu na primeira onda da Covid-19, no ano passado, as crian\u00e7as agora tamb\u00e9m est\u00e3o entre as v\u00edtimas da pandemia internadas em unidades hospitalares de Fortaleza. Algumas, inclusive, em estado grave. O aumento do n\u00famero de interna\u00e7\u00f5es de crian\u00e7as em decorr\u00eancia da Covid-19 pode estar relacionada a uma nova variante do v\u00edrus, de acordo com o secret\u00e1rio da Sa\u00fade do Cear\u00e1, Carlos Roberto Martins Rodrigues Sobrinho, o Dr. Cabeto. A Capital cearense registrou um aumento no n\u00famero&hellip;<\/p>\n","protected":false},"author":1,"featured_media":20001,"comment_status":"open","ping_status":"open","sticky":false,"template":"","format":"standard","meta":{"footnotes":""},"categories":[1],"tags":[],"class_list":["post-20000","post","type-post","status-publish","format-standard","has-post-thumbnail","hentry","category-noticias"],"_links":{"self":[{"href":"https:\/\/blogdorogeriogomes.com.br\/noticias\/wp-json\/wp\/v2\/posts\/20000","targetHints":{"allow":["GET"]}}],"collection":[{"href":"https:\/\/blogdorogeriogomes.com.br\/noticias\/wp-json\/wp\/v2\/posts"}],"about":[{"href":"https:\/\/blogdorogeriogomes.com.br\/noticias\/wp-json\/wp\/v2\/types\/post"}],"author":[{"embeddable":true,"href":"https:\/\/blogdorogeriogomes.com.br\/noticias\/wp-json\/wp\/v2\/users\/1"}],"replies":[{"embeddable":true,"href":"https:\/\/blogdorogeriogomes.com.br\/noticias\/wp-json\/wp\/v2\/comments?post=20000"}],"version-history":[{"count":1,"href":"https:\/\/blogdorogeriogomes.com.br\/noticias\/wp-json\/wp\/v2\/posts\/20000\/revisions"}],"predecessor-version":[{"id":20002,"href":"https:\/\/blogdorogeriogomes.com.br\/noticias\/wp-json\/wp\/v2\/posts\/20000\/revisions\/20002"}],"wp:featuredmedia":[{"embeddable":true,"href":"https:\/\/blogdorogeriogomes.com.br\/noticias\/wp-json\/wp\/v2\/media\/20001"}],"wp:attachment":[{"href":"https:\/\/blogdorogeriogomes.com.br\/noticias\/wp-json\/wp\/v2\/media?parent=20000"}],"wp:term":[{"taxonomy":"category","embeddable":true,"href":"https:\/\/blogdorogeriogomes.com.br\/noticias\/wp-json\/wp\/v2\/categories?post=20000"},{"taxonomy":"post_tag","embeddable":true,"href":"https:\/\/blogdorogeriogomes.com.br\/noticias\/wp-json\/wp\/v2\/tags?post=20000"}],"curies":[{"name":"wp","href":"https:\/\/api.w.org\/{rel}","templated":true}]}}