{"id":20006,"date":"2021-02-03T18:52:33","date_gmt":"2021-02-03T18:52:33","guid":{"rendered":"https:\/\/blogdorogeriogomes.com.br\/?p=20006"},"modified":"2021-02-04T18:15:15","modified_gmt":"2021-02-04T18:15:15","slug":"apos-novo-decreto-lojistas-de-fortaleza-tentam-minimizar-impactos-economicos-e-solicitam-autorizacao-para-funcionar-aos-feriados","status":"publish","type":"post","link":"https:\/\/blogdorogeriogomes.com.br\/noticias\/2021\/02\/apos-novo-decreto-lojistas-de-fortaleza-tentam-minimizar-impactos-economicos-e-solicitam-autorizacao-para-funcionar-aos-feriados\/","title":{"rendered":"Ap\u00f3s novo decreto, lojistas de Fortaleza tentam minimizar impactos econ\u00f4micos e solicitam autoriza\u00e7\u00e3o para funcionar aos feriados"},"content":{"rendered":"\n<p>A C\u00e2mara de Dirigentes Lojistas de Fortaleza (CDL) solicitou ao Governo do Cear\u00e1 a autoriza\u00e7\u00e3o para o funcionamento do com\u00e9rcio varejista na Capital durante os feriados estaduais. A investida tem o objetivo de minimizar os preju\u00edzos causados pela redu\u00e7\u00e3o do hor\u00e1rio de funcionamento dos servi\u00e7os n\u00e3o essenciais na cidade, visto que o novo decreto divulgado pelo poder estadual delimita as 20 horas como o limite para os estabelecimentos se manterem abertos.<\/p>\n\n\n\n<p>O presidente da CDL, Assis Cavalcante, aponta que haver\u00e1 uma queda de 5% no faturamento mensal a cada 24 horas de lojas fechadas e a abertura nos feriados pode ser uma sa\u00edda para barrar parte do impacto negativo. &#8220;J\u00e1 estamos adequando as escalas do feriado com o novo hor\u00e1rio, estamos fazendo de tudo para podermos trabalhar durante esse per\u00edodo, isso vai nos possibilitar tentar compensar o equivalente a dois dias sem movimenta\u00e7\u00e3o&#8221;, disse Assis em entrevista ao jornal O POVO.<\/p>\n\n\n\n<p>Os lojistas temem que, caso as medidas adotadas n\u00e3o consigam diminuir os casos de Covid-19 no Estado, o decreto receba novas prorroga\u00e7\u00f5es, e com isso o mercado corra s\u00e9rios riscos de efetuar uma s\u00e9rie de demiss\u00f5es.<\/p>\n\n\n\n<p>O governador Camilo Santana (PT) publicou o decreto 33.9918 na noite da \u00faltima ter\u00e7a-feira, dia 2 de fevereiro, estabelecendo restri\u00e7\u00f5es nas atividades econ\u00f4micas do dia 3 (quarta-feira) at\u00e9 17 de fevereiro (at\u00e9 a Quarta-Feira de Cinzas). Segundo a Secretaria da Sa\u00fade do Cear\u00e1 (Sesa), o Estado apresenta aumento de 11% no n\u00famero de casos do novo coronav\u00edrus e 50% no n\u00famero de \u00f3bitos. Atualmente, 250 pessoas s\u00e3o atendidas diariamente em emerg\u00eancia respirat\u00f3ria em Fortaleza.<\/p>\n\n\n\n<figure class=\"wp-block-image size-large\"><img loading=\"lazy\" decoding=\"async\" width=\"678\" height=\"452\" src=\"https:\/\/blogdorogeriogomes.com.br\/wp-content\/uploads\/2021\/02\/images-12.jpeg\" alt=\"\" class=\"wp-image-20007\" srcset=\"https:\/\/blogdorogeriogomes.com.br\/noticias\/wp-content\/uploads\/2021\/02\/images-12.jpeg 678w, https:\/\/blogdorogeriogomes.com.br\/noticias\/wp-content\/uploads\/2021\/02\/images-12-300x200.jpeg 300w\" sizes=\"auto, (max-width: 678px) 100vw, 678px\" \/><\/figure>\n","protected":false},"excerpt":{"rendered":"<p>A C\u00e2mara de Dirigentes Lojistas de Fortaleza (CDL) solicitou ao Governo do Cear\u00e1 a autoriza\u00e7\u00e3o para o funcionamento do com\u00e9rcio varejista na Capital durante os feriados estaduais. A investida tem o objetivo de minimizar os preju\u00edzos causados pela redu\u00e7\u00e3o do hor\u00e1rio de funcionamento dos servi\u00e7os n\u00e3o essenciais na cidade, visto que o novo decreto divulgado pelo poder estadual delimita as 20 horas como o limite para os estabelecimentos se manterem abertos. O presidente da CDL, Assis Cavalcante, aponta que&hellip;<\/p>\n","protected":false},"author":1,"featured_media":20007,"comment_status":"open","ping_status":"open","sticky":false,"template":"","format":"standard","meta":{"footnotes":""},"categories":[1],"tags":[],"class_list":["post-20006","post","type-post","status-publish","format-standard","has-post-thumbnail","hentry","category-noticias"],"_links":{"self":[{"href":"https:\/\/blogdorogeriogomes.com.br\/noticias\/wp-json\/wp\/v2\/posts\/20006","targetHints":{"allow":["GET"]}}],"collection":[{"href":"https:\/\/blogdorogeriogomes.com.br\/noticias\/wp-json\/wp\/v2\/posts"}],"about":[{"href":"https:\/\/blogdorogeriogomes.com.br\/noticias\/wp-json\/wp\/v2\/types\/post"}],"author":[{"embeddable":true,"href":"https:\/\/blogdorogeriogomes.com.br\/noticias\/wp-json\/wp\/v2\/users\/1"}],"replies":[{"embeddable":true,"href":"https:\/\/blogdorogeriogomes.com.br\/noticias\/wp-json\/wp\/v2\/comments?post=20006"}],"version-history":[{"count":1,"href":"https:\/\/blogdorogeriogomes.com.br\/noticias\/wp-json\/wp\/v2\/posts\/20006\/revisions"}],"predecessor-version":[{"id":20008,"href":"https:\/\/blogdorogeriogomes.com.br\/noticias\/wp-json\/wp\/v2\/posts\/20006\/revisions\/20008"}],"wp:featuredmedia":[{"embeddable":true,"href":"https:\/\/blogdorogeriogomes.com.br\/noticias\/wp-json\/wp\/v2\/media\/20007"}],"wp:attachment":[{"href":"https:\/\/blogdorogeriogomes.com.br\/noticias\/wp-json\/wp\/v2\/media?parent=20006"}],"wp:term":[{"taxonomy":"category","embeddable":true,"href":"https:\/\/blogdorogeriogomes.com.br\/noticias\/wp-json\/wp\/v2\/categories?post=20006"},{"taxonomy":"post_tag","embeddable":true,"href":"https:\/\/blogdorogeriogomes.com.br\/noticias\/wp-json\/wp\/v2\/tags?post=20006"}],"curies":[{"name":"wp","href":"https:\/\/api.w.org\/{rel}","templated":true}]}}