{"id":20012,"date":"2021-02-04T09:11:58","date_gmt":"2021-02-04T09:11:58","guid":{"rendered":"https:\/\/blogdorogeriogomes.com.br\/?p=20012"},"modified":"2021-02-04T18:14:24","modified_gmt":"2021-02-04T18:14:24","slug":"vereador-de-fortaleza-propoe-incluir-trabalhadores-da-educacao-e-alunos-da-rede-publica-municipal-na-1a-fase-de-vacinacao-contra-a-covid-19","status":"publish","type":"post","link":"https:\/\/blogdorogeriogomes.com.br\/noticias\/2021\/02\/vereador-de-fortaleza-propoe-incluir-trabalhadores-da-educacao-e-alunos-da-rede-publica-municipal-na-1a-fase-de-vacinacao-contra-a-covid-19\/","title":{"rendered":"Vereador de Fortaleza prop\u00f5e incluir trabalhadores da educa\u00e7\u00e3o e alunos da Rede P\u00fablica Municipal na 1\u00aa fase de vacina\u00e7\u00e3o contra a Covid-19"},"content":{"rendered":"\n<p>O vereador de Fortaleza, L\u00facio Bruno (PDT) est\u00e1 propondo incluir trabalhadores da educa\u00e7\u00e3o e alunos da rede p\u00fablica municipal na 1\u00aa fase de vacina\u00e7\u00e3o contra a Covid-19 na Capital. O projeto j\u00e1 tramita na C\u00e2mara Municipal de Fortaleza.<\/p>\n\n\n\n<p>S\u00e3o mais de 256 mil pessoas que fazem parte da Rede Municipal de Educa\u00e7\u00e3o, sendo 236 mil alunos e 20 mil colaboradores. O vereador considera em seu Projeto de Lei, os trabalhadores da educa\u00e7\u00e3o profissionais de todas as categorias que estejam atuando nas unidades p\u00fablicas escolares, tais como professor, monitor de acesso, porteiro, manipulador de alimentos, motorista de transporte escolar e demais profissionais que atuam direta ou indiretamente na rede municipal de educa\u00e7\u00e3o de Fortaleza.<\/p>\n\n\n\n<figure class=\"wp-block-image size-large\"><img loading=\"lazy\" decoding=\"async\" width=\"768\" height=\"1024\" src=\"https:\/\/blogdorogeriogomes.com.br\/wp-content\/uploads\/2021\/02\/IMG-20210203-WA0140-768x1024.jpg\" alt=\"\" class=\"wp-image-20013\" srcset=\"https:\/\/blogdorogeriogomes.com.br\/noticias\/wp-content\/uploads\/2021\/02\/IMG-20210203-WA0140-768x1024.jpg 768w, https:\/\/blogdorogeriogomes.com.br\/noticias\/wp-content\/uploads\/2021\/02\/IMG-20210203-WA0140-225x300.jpg 225w, https:\/\/blogdorogeriogomes.com.br\/noticias\/wp-content\/uploads\/2021\/02\/IMG-20210203-WA0140-800x1067.jpg 800w, https:\/\/blogdorogeriogomes.com.br\/noticias\/wp-content\/uploads\/2021\/02\/IMG-20210203-WA0140.jpg 960w\" sizes=\"auto, (max-width: 768px) 100vw, 768px\" \/><\/figure>\n\n\n\n<p><\/p>\n","protected":false},"excerpt":{"rendered":"<p>O vereador de Fortaleza, L\u00facio Bruno (PDT) est\u00e1 propondo incluir trabalhadores da educa\u00e7\u00e3o e alunos da rede p\u00fablica municipal na 1\u00aa fase de vacina\u00e7\u00e3o contra a Covid-19 na Capital. O projeto j\u00e1 tramita na C\u00e2mara Municipal de Fortaleza. S\u00e3o mais de 256 mil pessoas que fazem parte da Rede Municipal de Educa\u00e7\u00e3o, sendo 236 mil alunos e 20 mil colaboradores. O vereador considera em seu Projeto de Lei, os trabalhadores da educa\u00e7\u00e3o profissionais de todas as categorias que estejam&hellip;<\/p>\n","protected":false},"author":1,"featured_media":20013,"comment_status":"open","ping_status":"open","sticky":false,"template":"","format":"standard","meta":{"footnotes":""},"categories":[1],"tags":[],"class_list":["post-20012","post","type-post","status-publish","format-standard","has-post-thumbnail","hentry","category-noticias"],"_links":{"self":[{"href":"https:\/\/blogdorogeriogomes.com.br\/noticias\/wp-json\/wp\/v2\/posts\/20012","targetHints":{"allow":["GET"]}}],"collection":[{"href":"https:\/\/blogdorogeriogomes.com.br\/noticias\/wp-json\/wp\/v2\/posts"}],"about":[{"href":"https:\/\/blogdorogeriogomes.com.br\/noticias\/wp-json\/wp\/v2\/types\/post"}],"author":[{"embeddable":true,"href":"https:\/\/blogdorogeriogomes.com.br\/noticias\/wp-json\/wp\/v2\/users\/1"}],"replies":[{"embeddable":true,"href":"https:\/\/blogdorogeriogomes.com.br\/noticias\/wp-json\/wp\/v2\/comments?post=20012"}],"version-history":[{"count":1,"href":"https:\/\/blogdorogeriogomes.com.br\/noticias\/wp-json\/wp\/v2\/posts\/20012\/revisions"}],"predecessor-version":[{"id":20014,"href":"https:\/\/blogdorogeriogomes.com.br\/noticias\/wp-json\/wp\/v2\/posts\/20012\/revisions\/20014"}],"wp:featuredmedia":[{"embeddable":true,"href":"https:\/\/blogdorogeriogomes.com.br\/noticias\/wp-json\/wp\/v2\/media\/20013"}],"wp:attachment":[{"href":"https:\/\/blogdorogeriogomes.com.br\/noticias\/wp-json\/wp\/v2\/media?parent=20012"}],"wp:term":[{"taxonomy":"category","embeddable":true,"href":"https:\/\/blogdorogeriogomes.com.br\/noticias\/wp-json\/wp\/v2\/categories?post=20012"},{"taxonomy":"post_tag","embeddable":true,"href":"https:\/\/blogdorogeriogomes.com.br\/noticias\/wp-json\/wp\/v2\/tags?post=20012"}],"curies":[{"name":"wp","href":"https:\/\/api.w.org\/{rel}","templated":true}]}}