{"id":20019,"date":"2021-02-04T18:54:33","date_gmt":"2021-02-04T18:54:33","guid":{"rendered":"https:\/\/blogdorogeriogomes.com.br\/?p=20019"},"modified":"2021-02-04T18:54:35","modified_gmt":"2021-02-04T18:54:35","slug":"assembleia-legislativa-aprova-tramitacao-do-decreto-de-calamidade-publica-em-regime-de-urgencia-casa-teve-protesto-do-setor-de-bares-e-restaurantes","status":"publish","type":"post","link":"https:\/\/blogdorogeriogomes.com.br\/noticias\/2021\/02\/assembleia-legislativa-aprova-tramitacao-do-decreto-de-calamidade-publica-em-regime-de-urgencia-casa-teve-protesto-do-setor-de-bares-e-restaurantes\/","title":{"rendered":"Assembleia Legislativa aprova tramita\u00e7\u00e3o do decreto de calamidade p\u00fablica em regime de urg\u00eancia. Casa teve protesto do setor de bares e restaurantes"},"content":{"rendered":"\n<p>A tramita\u00e7\u00e3o em regime de urg\u00eancia do decreto de calamidade p\u00fablica foi aprovado, em sess\u00e3o desta quinta-feira, dia 4 de fevereiro, pelos deputados estaduais na Assembleia Legislativa do Cear\u00e1. A mat\u00e9ria foi enviada ao Parlamento pelo governador Camilo Santana e, caso seja aprovada, ter\u00e1 a validade de seis meses. A vota\u00e7\u00e3o deve ocorrer na pr\u00f3xima quinta-feira, dia 11.<\/p>\n\n\n\n<p>A sess\u00e3o desta quinta-feira foi tensa na AL, diante do protesto de representantes do setor de bares e restaurantes, al\u00e9m de m\u00fasicos, diante do decreto do Governo do Estado que restringiu o funcionamento dos estabelecimentos comerciais at\u00e9 \u00e0s 20 horas pelas pr\u00f3ximas duas semanas. A justificativa foi o aumento de casos e mortes pela Covid-19. Nos fins de semana, estabelecimentos s\u00f3 podem ter atendimento presencial at\u00e9 as 15 horas.<\/p>\n\n\n\n<p>A renova\u00e7\u00e3o da calamidade p\u00fablica no Cear\u00e1 foi um dos pontos deliberados pelo Comit\u00ea de Enfrentamento \u00e0 Covid-19 do Governo do Estado, como forma de enfrentar o aumento de casos do novo coronav\u00edrus nos munic\u00edpios cearenses. <\/p>\n\n\n\n<p>O reconhecimento de calamidade p\u00fablica permite que o Governo Estadual gaste mais do que o previsto e desobede\u00e7a metas fiscais para custear a\u00e7\u00f5es de combate \u00e0 pandemia. Apenas tr\u00eas parlamentares da oposi\u00e7\u00e3o votaram contra o tr\u00e2mite da pauta: Soldado No\u00e9lio (Pros), Dra. Silvana (PL) e Delegado Cavalcante (PSL).<\/p>\n\n\n\n<figure class=\"wp-block-image size-large\"><img loading=\"lazy\" decoding=\"async\" width=\"400\" height=\"267\" src=\"https:\/\/blogdorogeriogomes.com.br\/wp-content\/uploads\/2021\/02\/4afa47ce75a585fe6d3924d5d03a76c9_L.jpg\" alt=\"\" class=\"wp-image-20020\" srcset=\"https:\/\/blogdorogeriogomes.com.br\/noticias\/wp-content\/uploads\/2021\/02\/4afa47ce75a585fe6d3924d5d03a76c9_L.jpg 400w, https:\/\/blogdorogeriogomes.com.br\/noticias\/wp-content\/uploads\/2021\/02\/4afa47ce75a585fe6d3924d5d03a76c9_L-300x200.jpg 300w\" sizes=\"auto, (max-width: 400px) 100vw, 400px\" \/><\/figure>\n","protected":false},"excerpt":{"rendered":"<p>A tramita\u00e7\u00e3o em regime de urg\u00eancia do decreto de calamidade p\u00fablica foi aprovado, em sess\u00e3o desta quinta-feira, dia 4 de fevereiro, pelos deputados estaduais na Assembleia Legislativa do Cear\u00e1. A mat\u00e9ria foi enviada ao Parlamento pelo governador Camilo Santana e, caso seja aprovada, ter\u00e1 a validade de seis meses. A vota\u00e7\u00e3o deve ocorrer na pr\u00f3xima quinta-feira, dia 11. A sess\u00e3o desta quinta-feira foi tensa na AL, diante do protesto de representantes do setor de bares e restaurantes, al\u00e9m de&hellip;<\/p>\n","protected":false},"author":1,"featured_media":0,"comment_status":"open","ping_status":"open","sticky":false,"template":"","format":"standard","meta":{"footnotes":""},"categories":[1],"tags":[],"class_list":["post-20019","post","type-post","status-publish","format-standard","hentry","category-noticias"],"_links":{"self":[{"href":"https:\/\/blogdorogeriogomes.com.br\/noticias\/wp-json\/wp\/v2\/posts\/20019","targetHints":{"allow":["GET"]}}],"collection":[{"href":"https:\/\/blogdorogeriogomes.com.br\/noticias\/wp-json\/wp\/v2\/posts"}],"about":[{"href":"https:\/\/blogdorogeriogomes.com.br\/noticias\/wp-json\/wp\/v2\/types\/post"}],"author":[{"embeddable":true,"href":"https:\/\/blogdorogeriogomes.com.br\/noticias\/wp-json\/wp\/v2\/users\/1"}],"replies":[{"embeddable":true,"href":"https:\/\/blogdorogeriogomes.com.br\/noticias\/wp-json\/wp\/v2\/comments?post=20019"}],"version-history":[{"count":1,"href":"https:\/\/blogdorogeriogomes.com.br\/noticias\/wp-json\/wp\/v2\/posts\/20019\/revisions"}],"predecessor-version":[{"id":20021,"href":"https:\/\/blogdorogeriogomes.com.br\/noticias\/wp-json\/wp\/v2\/posts\/20019\/revisions\/20021"}],"wp:attachment":[{"href":"https:\/\/blogdorogeriogomes.com.br\/noticias\/wp-json\/wp\/v2\/media?parent=20019"}],"wp:term":[{"taxonomy":"category","embeddable":true,"href":"https:\/\/blogdorogeriogomes.com.br\/noticias\/wp-json\/wp\/v2\/categories?post=20019"},{"taxonomy":"post_tag","embeddable":true,"href":"https:\/\/blogdorogeriogomes.com.br\/noticias\/wp-json\/wp\/v2\/tags?post=20019"}],"curies":[{"name":"wp","href":"https:\/\/api.w.org\/{rel}","templated":true}]}}