{"id":20022,"date":"2021-02-04T23:55:12","date_gmt":"2021-02-04T23:55:12","guid":{"rendered":"https:\/\/blogdorogeriogomes.com.br\/?p=20022"},"modified":"2021-02-08T12:10:28","modified_gmt":"2021-02-08T12:10:28","slug":"pgr-abre-apuracao-preliminar-contra-governo-federal-por-descaso-com-a-covid-19","status":"publish","type":"post","link":"https:\/\/blogdorogeriogomes.com.br\/noticias\/2021\/02\/pgr-abre-apuracao-preliminar-contra-governo-federal-por-descaso-com-a-covid-19\/","title":{"rendered":"PGR abre apura\u00e7\u00e3o preliminar contra Governo Federal por descaso com a Covid-19"},"content":{"rendered":"\n<p>A Procuradoria-Geral da Rep\u00fablica (PGR) abriu uma apura\u00e7\u00e3o preliminar sobre a conduta do governo Jair Bolsonaro no enfrentamento da crise sanit\u00e1ria no Par\u00e1 e no Amazonas durante a pandemia da Covid-19. As investiga\u00e7\u00f5es podem, inclusive, incluir a responsabilidade do pr\u00f3prio presidente no caso.<\/p>\n\n\n\n<p>A decis\u00e3o da PGR foi tomada ap\u00f3s o PCdoB acionar o Supremo Tribunal Federal (STF) a respeito da crise no estado. O partido pede que Bolsonaro e o ministro da Sa\u00fade, Eduardo Pazuello, sejam investigados e responsabilizados pelo agravamento da pandemia em munic\u00edpios paraenses, como Santar\u00e9m. O PCdoB afirma que a situa\u00e7\u00e3o em algumas cidades do Par\u00e1 \u00e9 semelhante ao que ocorreu em Manaus (AM).<\/p>\n\n\n\n<figure class=\"wp-block-image size-large\"><img loading=\"lazy\" decoding=\"async\" width=\"643\" height=\"477\" src=\"https:\/\/blogdorogeriogomes.com.br\/wp-content\/uploads\/2021\/02\/images-14.jpeg\" alt=\"\" class=\"wp-image-20023\" srcset=\"https:\/\/blogdorogeriogomes.com.br\/noticias\/wp-content\/uploads\/2021\/02\/images-14.jpeg 643w, https:\/\/blogdorogeriogomes.com.br\/noticias\/wp-content\/uploads\/2021\/02\/images-14-300x223.jpeg 300w\" sizes=\"auto, (max-width: 643px) 100vw, 643px\" \/><\/figure>\n\n\n\n<p><\/p>\n","protected":false},"excerpt":{"rendered":"<p>A Procuradoria-Geral da Rep\u00fablica (PGR) abriu uma apura\u00e7\u00e3o preliminar sobre a conduta do governo Jair Bolsonaro no enfrentamento da crise sanit\u00e1ria no Par\u00e1 e no Amazonas durante a pandemia da Covid-19. As investiga\u00e7\u00f5es podem, inclusive, incluir a responsabilidade do pr\u00f3prio presidente no caso. A decis\u00e3o da PGR foi tomada ap\u00f3s o PCdoB acionar o Supremo Tribunal Federal (STF) a respeito da crise no estado. O partido pede que Bolsonaro e o ministro da Sa\u00fade, Eduardo Pazuello, sejam investigados e&hellip;<\/p>\n","protected":false},"author":1,"featured_media":20023,"comment_status":"open","ping_status":"open","sticky":false,"template":"","format":"standard","meta":{"footnotes":""},"categories":[1],"tags":[],"class_list":["post-20022","post","type-post","status-publish","format-standard","has-post-thumbnail","hentry","category-noticias"],"_links":{"self":[{"href":"https:\/\/blogdorogeriogomes.com.br\/noticias\/wp-json\/wp\/v2\/posts\/20022","targetHints":{"allow":["GET"]}}],"collection":[{"href":"https:\/\/blogdorogeriogomes.com.br\/noticias\/wp-json\/wp\/v2\/posts"}],"about":[{"href":"https:\/\/blogdorogeriogomes.com.br\/noticias\/wp-json\/wp\/v2\/types\/post"}],"author":[{"embeddable":true,"href":"https:\/\/blogdorogeriogomes.com.br\/noticias\/wp-json\/wp\/v2\/users\/1"}],"replies":[{"embeddable":true,"href":"https:\/\/blogdorogeriogomes.com.br\/noticias\/wp-json\/wp\/v2\/comments?post=20022"}],"version-history":[{"count":1,"href":"https:\/\/blogdorogeriogomes.com.br\/noticias\/wp-json\/wp\/v2\/posts\/20022\/revisions"}],"predecessor-version":[{"id":20024,"href":"https:\/\/blogdorogeriogomes.com.br\/noticias\/wp-json\/wp\/v2\/posts\/20022\/revisions\/20024"}],"wp:featuredmedia":[{"embeddable":true,"href":"https:\/\/blogdorogeriogomes.com.br\/noticias\/wp-json\/wp\/v2\/media\/20023"}],"wp:attachment":[{"href":"https:\/\/blogdorogeriogomes.com.br\/noticias\/wp-json\/wp\/v2\/media?parent=20022"}],"wp:term":[{"taxonomy":"category","embeddable":true,"href":"https:\/\/blogdorogeriogomes.com.br\/noticias\/wp-json\/wp\/v2\/categories?post=20022"},{"taxonomy":"post_tag","embeddable":true,"href":"https:\/\/blogdorogeriogomes.com.br\/noticias\/wp-json\/wp\/v2\/tags?post=20022"}],"curies":[{"name":"wp","href":"https:\/\/api.w.org\/{rel}","templated":true}]}}