{"id":20025,"date":"2021-02-05T10:31:20","date_gmt":"2021-02-05T10:31:20","guid":{"rendered":"https:\/\/blogdorogeriogomes.com.br\/?p=20025"},"modified":"2021-02-08T12:10:08","modified_gmt":"2021-02-08T12:10:08","slug":"prefeitura-da-capital-reforca-fiscalizacao-ao-comercio-no-centro-lojas-so-devem-abrir-a-partir-de-9-horas","status":"publish","type":"post","link":"https:\/\/blogdorogeriogomes.com.br\/noticias\/2021\/02\/prefeitura-da-capital-reforca-fiscalizacao-ao-comercio-no-centro-lojas-so-devem-abrir-a-partir-de-9-horas\/","title":{"rendered":"Prefeitura da Capital refor\u00e7a fiscaliza\u00e7\u00e3o ao com\u00e9rcio no Centro. Lojas s\u00f3 devem abrir a partir de 9 horas"},"content":{"rendered":"\n<p>Na tentativa de evitar o deslocamento ao mesmo de trabalhadores no transporte p\u00fablico, a Prefeitura de Fortaleza definiu que as lojas do Centro da Capital s\u00f3 devem passar a funcionar, a partir das 9 horas da manh\u00e3.  O objetivo do Munic\u00edpio \u00e9 distribuir melhor a chegada das pessoas aos terminais de \u00f4nibus. \u201cO setor da constru\u00e7\u00e3o entra \u00e0s 7 horaa, o funcionalismo e a ind\u00fastria \u00e0s 8 horas, o com\u00e9rcio \u00e0s 9 horas. Dessa forma, vamos espa\u00e7ar a chegada das pessoas e diminuir as aglomera\u00e7\u00f5es, garantindo a seguran\u00e7a e a sa\u00fade de todos\u201d, explicou o Coronel Eduardo Holanda, secret\u00e1rio de Seguran\u00e7a Cidad\u00e3.<\/p>\n\n\n\n<p>A Ag\u00eancia de Fiscaliza\u00e7\u00e3o de Fortaleza (Agefis) vai realizar abordagens de car\u00e1ter educativo e tamb\u00e9m ir\u00e1 verificar o uso de \u00e1lcool gel, m\u00e1scaras e o distanciamento social, refor\u00e7ando a import\u00e2ncia de se conter o avan\u00e7o da Covid-19 na Capital.<\/p>\n\n\n\n<figure class=\"wp-block-image size-large\"><img loading=\"lazy\" decoding=\"async\" width=\"678\" height=\"452\" src=\"https:\/\/blogdorogeriogomes.com.br\/wp-content\/uploads\/2021\/02\/images-15.jpeg\" alt=\"\" class=\"wp-image-20026\" srcset=\"https:\/\/blogdorogeriogomes.com.br\/noticias\/wp-content\/uploads\/2021\/02\/images-15.jpeg 678w, https:\/\/blogdorogeriogomes.com.br\/noticias\/wp-content\/uploads\/2021\/02\/images-15-300x200.jpeg 300w\" sizes=\"auto, (max-width: 678px) 100vw, 678px\" \/><\/figure>\n","protected":false},"excerpt":{"rendered":"<p>Na tentativa de evitar o deslocamento ao mesmo de trabalhadores no transporte p\u00fablico, a Prefeitura de Fortaleza definiu que as lojas do Centro da Capital s\u00f3 devem passar a funcionar, a partir das 9 horas da manh\u00e3. O objetivo do Munic\u00edpio \u00e9 distribuir melhor a chegada das pessoas aos terminais de \u00f4nibus. \u201cO setor da constru\u00e7\u00e3o entra \u00e0s 7 horaa, o funcionalismo e a ind\u00fastria \u00e0s 8 horas, o com\u00e9rcio \u00e0s 9 horas. Dessa forma, vamos espa\u00e7ar a chegada&hellip;<\/p>\n","protected":false},"author":1,"featured_media":20026,"comment_status":"open","ping_status":"open","sticky":false,"template":"","format":"standard","meta":{"footnotes":""},"categories":[1],"tags":[],"class_list":["post-20025","post","type-post","status-publish","format-standard","has-post-thumbnail","hentry","category-noticias"],"_links":{"self":[{"href":"https:\/\/blogdorogeriogomes.com.br\/noticias\/wp-json\/wp\/v2\/posts\/20025","targetHints":{"allow":["GET"]}}],"collection":[{"href":"https:\/\/blogdorogeriogomes.com.br\/noticias\/wp-json\/wp\/v2\/posts"}],"about":[{"href":"https:\/\/blogdorogeriogomes.com.br\/noticias\/wp-json\/wp\/v2\/types\/post"}],"author":[{"embeddable":true,"href":"https:\/\/blogdorogeriogomes.com.br\/noticias\/wp-json\/wp\/v2\/users\/1"}],"replies":[{"embeddable":true,"href":"https:\/\/blogdorogeriogomes.com.br\/noticias\/wp-json\/wp\/v2\/comments?post=20025"}],"version-history":[{"count":1,"href":"https:\/\/blogdorogeriogomes.com.br\/noticias\/wp-json\/wp\/v2\/posts\/20025\/revisions"}],"predecessor-version":[{"id":20027,"href":"https:\/\/blogdorogeriogomes.com.br\/noticias\/wp-json\/wp\/v2\/posts\/20025\/revisions\/20027"}],"wp:featuredmedia":[{"embeddable":true,"href":"https:\/\/blogdorogeriogomes.com.br\/noticias\/wp-json\/wp\/v2\/media\/20026"}],"wp:attachment":[{"href":"https:\/\/blogdorogeriogomes.com.br\/noticias\/wp-json\/wp\/v2\/media?parent=20025"}],"wp:term":[{"taxonomy":"category","embeddable":true,"href":"https:\/\/blogdorogeriogomes.com.br\/noticias\/wp-json\/wp\/v2\/categories?post=20025"},{"taxonomy":"post_tag","embeddable":true,"href":"https:\/\/blogdorogeriogomes.com.br\/noticias\/wp-json\/wp\/v2\/tags?post=20025"}],"curies":[{"name":"wp","href":"https:\/\/api.w.org\/{rel}","templated":true}]}}