{"id":20028,"date":"2021-02-05T10:58:12","date_gmt":"2021-02-05T10:58:12","guid":{"rendered":"https:\/\/blogdorogeriogomes.com.br\/?p=20028"},"modified":"2021-02-05T10:58:15","modified_gmt":"2021-02-05T10:58:15","slug":"secretaria-de-saude-do-ceara-alerta-que-nivel-de-transmissao-do-coronavirus-esta-altissimo-em-fortaleza","status":"publish","type":"post","link":"https:\/\/blogdorogeriogomes.com.br\/noticias\/2021\/02\/secretaria-de-saude-do-ceara-alerta-que-nivel-de-transmissao-do-coronavirus-esta-altissimo-em-fortaleza\/","title":{"rendered":"Secretaria de Sa\u00fade do Cear\u00e1 alerta que n\u00edvel de transmiss\u00e3o do coronav\u00edrus est\u00e1 &#8220;alt\u00edssimo&#8221; em Fortaleza"},"content":{"rendered":"\n<p>As \u00faltimas medidas restritivas anunciadas pelo Governo do Cear\u00e1 geraram reclama\u00e7\u00f5es de setores do com\u00e9rcio e do entretenimento, mas os n\u00fameros da Covid-19 revelam que a situa\u00e7\u00e3o da pandemia justifica o refor\u00e7o nas normas sanit\u00e1rias. De acordo com a Secretaria de Sa\u00fade do Cear\u00e1, o n\u00edvel de transmiss\u00e3o da Covid-19 \u00e9 &#8220;alt\u00edssimo&#8221; no momento. S\u00e3o mais de tr\u00eas mil casos registrados a cada sete dias.<\/p>\n\n\n\n<p>A m\u00e9dia geral de ocupa\u00e7\u00e3o dos leitos de Unidade de Terapia Intensiva (UTI) de Fortaleza por pacientes com Covid-19 chegou a quase 88% nesta quinta-feira, dia 4 de fevereiro, tanto na rede p\u00fablica, como nos hospitais particulares. Os hospitais Otocl\u00ednica, S\u00e3o Jos\u00e9, Santa Casa da Miseric\u00f3rdia de Fortaleza e Uniclinic est\u00e3o com leitos de UTI com 100% de ocupa\u00e7\u00e3o.<\/p>\n\n\n\n<p>Enquanto isso, o esquema de vacina\u00e7\u00e3o de idosos com mais de 75 segue na Capital, atrav\u00e9s de agendamento. O governador Camilo Santana anunciou para esta sexta-feira, dia 5, a chegada ao Cear\u00e1 de um novo lote de vacinas contra Covid-19.<\/p>\n\n\n\n<figure class=\"wp-block-image size-large\"><img loading=\"lazy\" decoding=\"async\" width=\"1024\" height=\"576\" src=\"https:\/\/blogdorogeriogomes.com.br\/wp-content\/uploads\/2021\/02\/uti-fortleza-1024x576.jpg\" alt=\"\" class=\"wp-image-20029\" srcset=\"https:\/\/blogdorogeriogomes.com.br\/noticias\/wp-content\/uploads\/2021\/02\/uti-fortleza-1024x576.jpg 1024w, https:\/\/blogdorogeriogomes.com.br\/noticias\/wp-content\/uploads\/2021\/02\/uti-fortleza-300x169.jpg 300w, https:\/\/blogdorogeriogomes.com.br\/noticias\/wp-content\/uploads\/2021\/02\/uti-fortleza-768x432.jpg 768w, https:\/\/blogdorogeriogomes.com.br\/noticias\/wp-content\/uploads\/2021\/02\/uti-fortleza-800x450.jpg 800w, https:\/\/blogdorogeriogomes.com.br\/noticias\/wp-content\/uploads\/2021\/02\/uti-fortleza.jpg 1080w\" sizes=\"auto, (max-width: 1024px) 100vw, 1024px\" \/><\/figure>\n","protected":false},"excerpt":{"rendered":"<p>As \u00faltimas medidas restritivas anunciadas pelo Governo do Cear\u00e1 geraram reclama\u00e7\u00f5es de setores do com\u00e9rcio e do entretenimento, mas os n\u00fameros da Covid-19 revelam que a situa\u00e7\u00e3o da pandemia justifica o refor\u00e7o nas normas sanit\u00e1rias. De acordo com a Secretaria de Sa\u00fade do Cear\u00e1, o n\u00edvel de transmiss\u00e3o da Covid-19 \u00e9 &#8220;alt\u00edssimo&#8221; no momento. S\u00e3o mais de tr\u00eas mil casos registrados a cada sete dias. A m\u00e9dia geral de ocupa\u00e7\u00e3o dos leitos de Unidade de Terapia Intensiva (UTI) de&hellip;<\/p>\n","protected":false},"author":1,"featured_media":0,"comment_status":"open","ping_status":"open","sticky":false,"template":"","format":"standard","meta":{"footnotes":""},"categories":[1],"tags":[],"class_list":["post-20028","post","type-post","status-publish","format-standard","hentry","category-noticias"],"_links":{"self":[{"href":"https:\/\/blogdorogeriogomes.com.br\/noticias\/wp-json\/wp\/v2\/posts\/20028","targetHints":{"allow":["GET"]}}],"collection":[{"href":"https:\/\/blogdorogeriogomes.com.br\/noticias\/wp-json\/wp\/v2\/posts"}],"about":[{"href":"https:\/\/blogdorogeriogomes.com.br\/noticias\/wp-json\/wp\/v2\/types\/post"}],"author":[{"embeddable":true,"href":"https:\/\/blogdorogeriogomes.com.br\/noticias\/wp-json\/wp\/v2\/users\/1"}],"replies":[{"embeddable":true,"href":"https:\/\/blogdorogeriogomes.com.br\/noticias\/wp-json\/wp\/v2\/comments?post=20028"}],"version-history":[{"count":1,"href":"https:\/\/blogdorogeriogomes.com.br\/noticias\/wp-json\/wp\/v2\/posts\/20028\/revisions"}],"predecessor-version":[{"id":20030,"href":"https:\/\/blogdorogeriogomes.com.br\/noticias\/wp-json\/wp\/v2\/posts\/20028\/revisions\/20030"}],"wp:attachment":[{"href":"https:\/\/blogdorogeriogomes.com.br\/noticias\/wp-json\/wp\/v2\/media?parent=20028"}],"wp:term":[{"taxonomy":"category","embeddable":true,"href":"https:\/\/blogdorogeriogomes.com.br\/noticias\/wp-json\/wp\/v2\/categories?post=20028"},{"taxonomy":"post_tag","embeddable":true,"href":"https:\/\/blogdorogeriogomes.com.br\/noticias\/wp-json\/wp\/v2\/tags?post=20028"}],"curies":[{"name":"wp","href":"https:\/\/api.w.org\/{rel}","templated":true}]}}