{"id":20031,"date":"2021-02-05T19:57:25","date_gmt":"2021-02-05T19:57:25","guid":{"rendered":"https:\/\/blogdorogeriogomes.com.br\/?p=20031"},"modified":"2021-02-08T12:09:55","modified_gmt":"2021-02-08T12:09:55","slug":"governo-e-prefeitura-anunciam-200-onibus-extras-no-horario-de-pico-em-fortaleza","status":"publish","type":"post","link":"https:\/\/blogdorogeriogomes.com.br\/noticias\/2021\/02\/governo-e-prefeitura-anunciam-200-onibus-extras-no-horario-de-pico-em-fortaleza\/","title":{"rendered":"Governo e Prefeitura anunciam 200 \u00f4nibus extras no hor\u00e1rio de pico em Fortaleza"},"content":{"rendered":"\n<p>Diante das reclama\u00e7\u00f5es de lota\u00e7\u00e3o do transporte p\u00fablico da Capital em tempos de pandemia, o prefeito de Fortaleza, Jos\u00e9 Sarto (PDT), anunciou nesta sexta-feira, dia 5 de fevereiro, um acr\u00e9scimo de 200 \u00f4nibus nos hor\u00e1rios de pico. A frota extra circular\u00e1 por 60 dias e ser\u00e1 distribu\u00edda nas linhas com maior demanda, conforme estudos da Empresa de Transporte Urbano de Fortaleza (Etufor). A iniciativa \u00e9 uma parceria com o Governo do Estado, que vai pagar a metade dos custos do transporte extra nas ruas.<\/p>\n\n\n\n<p>A partir de ter\u00e7a-feira, dia 9, come\u00e7am a circular 50 novos coletivos. At\u00e9 o s\u00e1bado, dia 12, mais 100 ve\u00edculos ser\u00e3o acrescidos \u00e0 frota, chegando no dia 17 de fevereiro a 200 \u00f4nibus extras.<\/p>\n\n\n\n<figure class=\"wp-block-image size-large\"><img loading=\"lazy\" decoding=\"async\" width=\"1024\" height=\"601\" src=\"https:\/\/blogdorogeriogomes.com.br\/wp-content\/uploads\/2021\/02\/05-02-2021-Terminal-Onibus-1024x601.jpg\" alt=\"\" class=\"wp-image-20032\" srcset=\"https:\/\/blogdorogeriogomes.com.br\/noticias\/wp-content\/uploads\/2021\/02\/05-02-2021-Terminal-Onibus-1024x601.jpg 1024w, https:\/\/blogdorogeriogomes.com.br\/noticias\/wp-content\/uploads\/2021\/02\/05-02-2021-Terminal-Onibus-300x176.jpg 300w, https:\/\/blogdorogeriogomes.com.br\/noticias\/wp-content\/uploads\/2021\/02\/05-02-2021-Terminal-Onibus-768x451.jpg 768w, https:\/\/blogdorogeriogomes.com.br\/noticias\/wp-content\/uploads\/2021\/02\/05-02-2021-Terminal-Onibus-1536x902.jpg 1536w, https:\/\/blogdorogeriogomes.com.br\/noticias\/wp-content\/uploads\/2021\/02\/05-02-2021-Terminal-Onibus-2048x1203.jpg 2048w, https:\/\/blogdorogeriogomes.com.br\/noticias\/wp-content\/uploads\/2021\/02\/05-02-2021-Terminal-Onibus-800x470.jpg 800w\" sizes=\"auto, (max-width: 1024px) 100vw, 1024px\" \/><\/figure>\n","protected":false},"excerpt":{"rendered":"<p>Diante das reclama\u00e7\u00f5es de lota\u00e7\u00e3o do transporte p\u00fablico da Capital em tempos de pandemia, o prefeito de Fortaleza, Jos\u00e9 Sarto (PDT), anunciou nesta sexta-feira, dia 5 de fevereiro, um acr\u00e9scimo de 200 \u00f4nibus nos hor\u00e1rios de pico. A frota extra circular\u00e1 por 60 dias e ser\u00e1 distribu\u00edda nas linhas com maior demanda, conforme estudos da Empresa de Transporte Urbano de Fortaleza (Etufor). A iniciativa \u00e9 uma parceria com o Governo do Estado, que vai pagar a metade dos custos&hellip;<\/p>\n","protected":false},"author":1,"featured_media":20032,"comment_status":"open","ping_status":"open","sticky":false,"template":"","format":"standard","meta":{"footnotes":""},"categories":[1],"tags":[],"class_list":["post-20031","post","type-post","status-publish","format-standard","has-post-thumbnail","hentry","category-noticias"],"_links":{"self":[{"href":"https:\/\/blogdorogeriogomes.com.br\/noticias\/wp-json\/wp\/v2\/posts\/20031","targetHints":{"allow":["GET"]}}],"collection":[{"href":"https:\/\/blogdorogeriogomes.com.br\/noticias\/wp-json\/wp\/v2\/posts"}],"about":[{"href":"https:\/\/blogdorogeriogomes.com.br\/noticias\/wp-json\/wp\/v2\/types\/post"}],"author":[{"embeddable":true,"href":"https:\/\/blogdorogeriogomes.com.br\/noticias\/wp-json\/wp\/v2\/users\/1"}],"replies":[{"embeddable":true,"href":"https:\/\/blogdorogeriogomes.com.br\/noticias\/wp-json\/wp\/v2\/comments?post=20031"}],"version-history":[{"count":1,"href":"https:\/\/blogdorogeriogomes.com.br\/noticias\/wp-json\/wp\/v2\/posts\/20031\/revisions"}],"predecessor-version":[{"id":20033,"href":"https:\/\/blogdorogeriogomes.com.br\/noticias\/wp-json\/wp\/v2\/posts\/20031\/revisions\/20033"}],"wp:featuredmedia":[{"embeddable":true,"href":"https:\/\/blogdorogeriogomes.com.br\/noticias\/wp-json\/wp\/v2\/media\/20032"}],"wp:attachment":[{"href":"https:\/\/blogdorogeriogomes.com.br\/noticias\/wp-json\/wp\/v2\/media?parent=20031"}],"wp:term":[{"taxonomy":"category","embeddable":true,"href":"https:\/\/blogdorogeriogomes.com.br\/noticias\/wp-json\/wp\/v2\/categories?post=20031"},{"taxonomy":"post_tag","embeddable":true,"href":"https:\/\/blogdorogeriogomes.com.br\/noticias\/wp-json\/wp\/v2\/tags?post=20031"}],"curies":[{"name":"wp","href":"https:\/\/api.w.org\/{rel}","templated":true}]}}