{"id":20043,"date":"2021-02-08T10:55:57","date_gmt":"2021-02-08T10:55:57","guid":{"rendered":"https:\/\/blogdorogeriogomes.com.br\/?p=20043"},"modified":"2021-02-08T12:09:07","modified_gmt":"2021-02-08T12:09:07","slug":"governo-do-ceara-alerta-para-aumento-nas-internacoes-de-pacientes-na-capital","status":"publish","type":"post","link":"https:\/\/blogdorogeriogomes.com.br\/noticias\/2021\/02\/governo-do-ceara-alerta-para-aumento-nas-internacoes-de-pacientes-na-capital\/","title":{"rendered":"Governo do Cear\u00e1 alerta para aumento nas interna\u00e7\u00f5es de pacientes na Capital"},"content":{"rendered":"\n<p>O governador do Cear\u00e1, Camilo Santana, fez um alerta \u00e0 popula\u00e7\u00e3o, neste domingo, dia 7 de fevereiro, para o aumento nas interna\u00e7\u00f5es de pacientes em Fortaleza com a Covid-19. Segundo Camilo, casos confirmados da doen\u00e7a est\u00e3o aumentando de forma consider\u00e1vel e preocupante a ocupa\u00e7\u00e3o dos leitos Covid-19 na rede p\u00fablica e tamb\u00e9m na rede privada. \u00c9 o que diz os relat\u00f3rios das equipes de Sa\u00fade.<\/p>\n\n\n\n<p>No Hospital Leonardo Da Vinci, em Fortaleza, que \u00e9 refer\u00eancia no atendimento de pacientes com a Covid-19, a ocupa\u00e7\u00e3o de leitos &#8220;vem chegando perto do limite&#8221;, disse o governador. A unidade de sa\u00fade j\u00e1 tem o triplo de leitos de UTI que tinha h\u00e1 dois meses.<\/p>\n\n\n\n<p>O Cear\u00e1 ultrapassou os 382 mil casos confirmados de Covid-19 neste domingo, com mais 976 casos diagnosticados nas \u00faltimas 24 horas. O Estado chegou a 382.597 casos confirmados, de acordo com a&nbsp;Secretaria Estadual da Sa\u00fade (Sesa). S\u00e3o ainda 10.612 mortes&nbsp;pela doen\u00e7a desde o in\u00edcio da pandemia.&nbsp;<\/p>\n\n\n\n<figure class=\"wp-block-image size-large\"><img loading=\"lazy\" decoding=\"async\" width=\"678\" height=\"452\" src=\"https:\/\/blogdorogeriogomes.com.br\/wp-content\/uploads\/2021\/02\/images-18.jpeg\" alt=\"\" class=\"wp-image-20044\" srcset=\"https:\/\/blogdorogeriogomes.com.br\/noticias\/wp-content\/uploads\/2021\/02\/images-18.jpeg 678w, https:\/\/blogdorogeriogomes.com.br\/noticias\/wp-content\/uploads\/2021\/02\/images-18-300x200.jpeg 300w\" sizes=\"auto, (max-width: 678px) 100vw, 678px\" \/><\/figure>\n","protected":false},"excerpt":{"rendered":"<p>O governador do Cear\u00e1, Camilo Santana, fez um alerta \u00e0 popula\u00e7\u00e3o, neste domingo, dia 7 de fevereiro, para o aumento nas interna\u00e7\u00f5es de pacientes em Fortaleza com a Covid-19. Segundo Camilo, casos confirmados da doen\u00e7a est\u00e3o aumentando de forma consider\u00e1vel e preocupante a ocupa\u00e7\u00e3o dos leitos Covid-19 na rede p\u00fablica e tamb\u00e9m na rede privada. \u00c9 o que diz os relat\u00f3rios das equipes de Sa\u00fade. No Hospital Leonardo Da Vinci, em Fortaleza, que \u00e9 refer\u00eancia no atendimento de pacientes&hellip;<\/p>\n","protected":false},"author":1,"featured_media":20044,"comment_status":"open","ping_status":"open","sticky":false,"template":"","format":"standard","meta":{"footnotes":""},"categories":[1],"tags":[],"class_list":["post-20043","post","type-post","status-publish","format-standard","has-post-thumbnail","hentry","category-noticias"],"_links":{"self":[{"href":"https:\/\/blogdorogeriogomes.com.br\/noticias\/wp-json\/wp\/v2\/posts\/20043","targetHints":{"allow":["GET"]}}],"collection":[{"href":"https:\/\/blogdorogeriogomes.com.br\/noticias\/wp-json\/wp\/v2\/posts"}],"about":[{"href":"https:\/\/blogdorogeriogomes.com.br\/noticias\/wp-json\/wp\/v2\/types\/post"}],"author":[{"embeddable":true,"href":"https:\/\/blogdorogeriogomes.com.br\/noticias\/wp-json\/wp\/v2\/users\/1"}],"replies":[{"embeddable":true,"href":"https:\/\/blogdorogeriogomes.com.br\/noticias\/wp-json\/wp\/v2\/comments?post=20043"}],"version-history":[{"count":2,"href":"https:\/\/blogdorogeriogomes.com.br\/noticias\/wp-json\/wp\/v2\/posts\/20043\/revisions"}],"predecessor-version":[{"id":20049,"href":"https:\/\/blogdorogeriogomes.com.br\/noticias\/wp-json\/wp\/v2\/posts\/20043\/revisions\/20049"}],"wp:featuredmedia":[{"embeddable":true,"href":"https:\/\/blogdorogeriogomes.com.br\/noticias\/wp-json\/wp\/v2\/media\/20044"}],"wp:attachment":[{"href":"https:\/\/blogdorogeriogomes.com.br\/noticias\/wp-json\/wp\/v2\/media?parent=20043"}],"wp:term":[{"taxonomy":"category","embeddable":true,"href":"https:\/\/blogdorogeriogomes.com.br\/noticias\/wp-json\/wp\/v2\/categories?post=20043"},{"taxonomy":"post_tag","embeddable":true,"href":"https:\/\/blogdorogeriogomes.com.br\/noticias\/wp-json\/wp\/v2\/tags?post=20043"}],"curies":[{"name":"wp","href":"https:\/\/api.w.org\/{rel}","templated":true}]}}