{"id":20046,"date":"2021-02-08T11:09:34","date_gmt":"2021-02-08T11:09:34","guid":{"rendered":"https:\/\/blogdorogeriogomes.com.br\/?p=20046"},"modified":"2021-02-08T12:08:47","modified_gmt":"2021-02-08T12:08:47","slug":"mais-de-72-mil-pessoas-ja-foram-imunizadas-contra-a-covid-19-na-capital","status":"publish","type":"post","link":"https:\/\/blogdorogeriogomes.com.br\/noticias\/2021\/02\/mais-de-72-mil-pessoas-ja-foram-imunizadas-contra-a-covid-19-na-capital\/","title":{"rendered":"Mais de 72 mil pessoas j\u00e1 foram imunizadas contra a Covid-19 na Capital"},"content":{"rendered":"\n<p>A Prefeitura de Fortaleza avan\u00e7a na vacina\u00e7\u00e3o contra a Covid-19 do grupo priorit\u00e1rio da 1\u00aa fase. No total, j\u00e1 s\u00e3o 72.210 pessoas vacinadas, entre idosos, trabalhadores da sa\u00fade e pessoas com defici\u00eancia acima de 18 anos institucionalizadas, que atualmente est\u00e3o recebendo a primeira dose das vacinas Coronavac ou AstraZeneca. Somente no \u00faltimo fim de semana, 8.632 pessoas receberam a aplica\u00e7\u00e3o do imunizante.<\/p>\n\n\n\n<p>Fortaleza possui hoje seis centros de vacina\u00e7\u00e3o, localizados no Centro de Eventos do Cear\u00e1, na Arena Castel\u00e3o, nos Cucas da Barra do Cear\u00e1 e do Jos\u00e9 Walter, como tamb\u00e9m nos shoppings Iguatemi e Rio Mar Kennedy.<\/p>\n\n\n\n<p>Idosos acima de 75 anos, que se cadastraram para receber a imuniza\u00e7\u00e3o em casa, continuam sendo vacinados no domic\u00edlio. J\u00e1 os trabalhadores da sa\u00fade, atuantes em hospitais, s\u00e3o vacinados no Centro de Eventos, mediante agendamento pr\u00e9vio realizado pelas unidades em que trabalham.<\/p>\n\n\n\n<figure class=\"wp-block-image size-large\"><img loading=\"lazy\" decoding=\"async\" width=\"600\" height=\"400\" src=\"https:\/\/blogdorogeriogomes.com.br\/wp-content\/uploads\/2021\/02\/whatsapp-image-2021-02-05-at-18.34.02.jpeg\" alt=\"\" class=\"wp-image-20047\" srcset=\"https:\/\/blogdorogeriogomes.com.br\/noticias\/wp-content\/uploads\/2021\/02\/whatsapp-image-2021-02-05-at-18.34.02.jpeg 600w, https:\/\/blogdorogeriogomes.com.br\/noticias\/wp-content\/uploads\/2021\/02\/whatsapp-image-2021-02-05-at-18.34.02-300x200.jpeg 300w\" sizes=\"auto, (max-width: 600px) 100vw, 600px\" \/><\/figure>\n","protected":false},"excerpt":{"rendered":"<p>A Prefeitura de Fortaleza avan\u00e7a na vacina\u00e7\u00e3o contra a Covid-19 do grupo priorit\u00e1rio da 1\u00aa fase. No total, j\u00e1 s\u00e3o 72.210 pessoas vacinadas, entre idosos, trabalhadores da sa\u00fade e pessoas com defici\u00eancia acima de 18 anos institucionalizadas, que atualmente est\u00e3o recebendo a primeira dose das vacinas Coronavac ou AstraZeneca. Somente no \u00faltimo fim de semana, 8.632 pessoas receberam a aplica\u00e7\u00e3o do imunizante. Fortaleza possui hoje seis centros de vacina\u00e7\u00e3o, localizados no Centro de Eventos do Cear\u00e1, na Arena Castel\u00e3o,&hellip;<\/p>\n","protected":false},"author":1,"featured_media":20047,"comment_status":"open","ping_status":"open","sticky":false,"template":"","format":"standard","meta":{"footnotes":""},"categories":[1],"tags":[],"class_list":["post-20046","post","type-post","status-publish","format-standard","has-post-thumbnail","hentry","category-noticias"],"_links":{"self":[{"href":"https:\/\/blogdorogeriogomes.com.br\/noticias\/wp-json\/wp\/v2\/posts\/20046","targetHints":{"allow":["GET"]}}],"collection":[{"href":"https:\/\/blogdorogeriogomes.com.br\/noticias\/wp-json\/wp\/v2\/posts"}],"about":[{"href":"https:\/\/blogdorogeriogomes.com.br\/noticias\/wp-json\/wp\/v2\/types\/post"}],"author":[{"embeddable":true,"href":"https:\/\/blogdorogeriogomes.com.br\/noticias\/wp-json\/wp\/v2\/users\/1"}],"replies":[{"embeddable":true,"href":"https:\/\/blogdorogeriogomes.com.br\/noticias\/wp-json\/wp\/v2\/comments?post=20046"}],"version-history":[{"count":1,"href":"https:\/\/blogdorogeriogomes.com.br\/noticias\/wp-json\/wp\/v2\/posts\/20046\/revisions"}],"predecessor-version":[{"id":20048,"href":"https:\/\/blogdorogeriogomes.com.br\/noticias\/wp-json\/wp\/v2\/posts\/20046\/revisions\/20048"}],"wp:featuredmedia":[{"embeddable":true,"href":"https:\/\/blogdorogeriogomes.com.br\/noticias\/wp-json\/wp\/v2\/media\/20047"}],"wp:attachment":[{"href":"https:\/\/blogdorogeriogomes.com.br\/noticias\/wp-json\/wp\/v2\/media?parent=20046"}],"wp:term":[{"taxonomy":"category","embeddable":true,"href":"https:\/\/blogdorogeriogomes.com.br\/noticias\/wp-json\/wp\/v2\/categories?post=20046"},{"taxonomy":"post_tag","embeddable":true,"href":"https:\/\/blogdorogeriogomes.com.br\/noticias\/wp-json\/wp\/v2\/tags?post=20046"}],"curies":[{"name":"wp","href":"https:\/\/api.w.org\/{rel}","templated":true}]}}