{"id":20050,"date":"2021-02-08T20:09:00","date_gmt":"2021-02-08T20:09:00","guid":{"rendered":"https:\/\/blogdorogeriogomes.com.br\/?p=20050"},"modified":"2021-02-11T18:56:52","modified_gmt":"2021-02-11T18:56:52","slug":"governadores-buscam-apoio-no-congresso-para-retomada-do-pagamento-do-auxilio-emergencial","status":"publish","type":"post","link":"https:\/\/blogdorogeriogomes.com.br\/noticias\/2021\/02\/governadores-buscam-apoio-no-congresso-para-retomada-do-pagamento-do-auxilio-emergencial\/","title":{"rendered":"Governadores buscam apoio no Congresso para retomada do pagamento do aux\u00edlio emergencial"},"content":{"rendered":"\n<p>Diante do quadro de agravamento da Covid-19, h\u00e1 muitas pessoas desempregadas que j\u00e1 come\u00e7am a sentir falta do aux\u00edlio emergencial. O F\u00f3rum Nacional de Governadores pediu a realiza\u00e7\u00e3o de reuni\u00e3o com o presidente do Senado, Rodrigo Pacheco, e o presidente da C\u00e2mara dos Deputados, Arthur Lira, para discutir o processo de vacina\u00e7\u00e3o contra a covid-19, a eventual retomada do aux\u00edlio emergencial e a situa\u00e7\u00e3o da economia no Pa\u00eds.<\/p>\n\n\n\n<p>Nesta segunda-feira, dia 8 de fevereiro, o presidente da C\u00e2mara dos Deputados, Arthur Lira, indicou que o aux\u00edlio emergencial \u00e0 popula\u00e7\u00e3o mais vulner\u00e1vel em meio \u00e0 pandemia do coronav\u00edrus pode voltar a ser pago de forma excepcional. &#8220;N\u00f3s estamos ainda em um per\u00edodo de pandemia acirrada. N\u00e3o tenho d\u00favidas de que o Governo Federal vai estar sens\u00edvel a isso. S\u00f3 temos duas sa\u00eddas: ou votamos rapidamente o Or\u00e7amento [de 2021] ou o governo federal vai procurar alguma forma de o Congresso excepcionalizar temporariamente at\u00e9 que n\u00f3s tenhamos or\u00e7amento para votarmos um projeto novo de inclus\u00e3o mais acess\u00edvel para a popula\u00e7\u00e3o e que traga aquelas pessoas que est\u00e3o hoje numa situa\u00e7\u00e3o muito dif\u00edcil&#8221;, afirmou Lira.<\/p>\n\n\n\n<p>No Governo, j\u00e1 h\u00e1 tratativas sobre o tema, mas n\u00e3o h\u00e1 defini\u00e7\u00f5es sobre o valor a ser pago. O ministro da Economia, Paulo Guedes, s\u00f3 faz reclamar que n\u00e3o h\u00e1 dinheiro no caixa para pagar os valores do ano passado.<\/p>\n\n\n\n<figure class=\"wp-block-image size-large\"><img loading=\"lazy\" decoding=\"async\" width=\"678\" height=\"452\" src=\"https:\/\/blogdorogeriogomes.com.br\/wp-content\/uploads\/2021\/02\/images-19.jpeg\" alt=\"\" class=\"wp-image-20051\" srcset=\"https:\/\/blogdorogeriogomes.com.br\/noticias\/wp-content\/uploads\/2021\/02\/images-19.jpeg 678w, https:\/\/blogdorogeriogomes.com.br\/noticias\/wp-content\/uploads\/2021\/02\/images-19-300x200.jpeg 300w\" sizes=\"auto, (max-width: 678px) 100vw, 678px\" \/><\/figure>\n","protected":false},"excerpt":{"rendered":"<p>Diante do quadro de agravamento da Covid-19, h\u00e1 muitas pessoas desempregadas que j\u00e1 come\u00e7am a sentir falta do aux\u00edlio emergencial. O F\u00f3rum Nacional de Governadores pediu a realiza\u00e7\u00e3o de reuni\u00e3o com o presidente do Senado, Rodrigo Pacheco, e o presidente da C\u00e2mara dos Deputados, Arthur Lira, para discutir o processo de vacina\u00e7\u00e3o contra a covid-19, a eventual retomada do aux\u00edlio emergencial e a situa\u00e7\u00e3o da economia no Pa\u00eds. Nesta segunda-feira, dia 8 de fevereiro, o presidente da C\u00e2mara dos&hellip;<\/p>\n","protected":false},"author":1,"featured_media":20051,"comment_status":"open","ping_status":"open","sticky":false,"template":"","format":"standard","meta":{"footnotes":""},"categories":[1],"tags":[],"class_list":["post-20050","post","type-post","status-publish","format-standard","has-post-thumbnail","hentry","category-noticias"],"_links":{"self":[{"href":"https:\/\/blogdorogeriogomes.com.br\/noticias\/wp-json\/wp\/v2\/posts\/20050","targetHints":{"allow":["GET"]}}],"collection":[{"href":"https:\/\/blogdorogeriogomes.com.br\/noticias\/wp-json\/wp\/v2\/posts"}],"about":[{"href":"https:\/\/blogdorogeriogomes.com.br\/noticias\/wp-json\/wp\/v2\/types\/post"}],"author":[{"embeddable":true,"href":"https:\/\/blogdorogeriogomes.com.br\/noticias\/wp-json\/wp\/v2\/users\/1"}],"replies":[{"embeddable":true,"href":"https:\/\/blogdorogeriogomes.com.br\/noticias\/wp-json\/wp\/v2\/comments?post=20050"}],"version-history":[{"count":1,"href":"https:\/\/blogdorogeriogomes.com.br\/noticias\/wp-json\/wp\/v2\/posts\/20050\/revisions"}],"predecessor-version":[{"id":20052,"href":"https:\/\/blogdorogeriogomes.com.br\/noticias\/wp-json\/wp\/v2\/posts\/20050\/revisions\/20052"}],"wp:featuredmedia":[{"embeddable":true,"href":"https:\/\/blogdorogeriogomes.com.br\/noticias\/wp-json\/wp\/v2\/media\/20051"}],"wp:attachment":[{"href":"https:\/\/blogdorogeriogomes.com.br\/noticias\/wp-json\/wp\/v2\/media?parent=20050"}],"wp:term":[{"taxonomy":"category","embeddable":true,"href":"https:\/\/blogdorogeriogomes.com.br\/noticias\/wp-json\/wp\/v2\/categories?post=20050"},{"taxonomy":"post_tag","embeddable":true,"href":"https:\/\/blogdorogeriogomes.com.br\/noticias\/wp-json\/wp\/v2\/tags?post=20050"}],"curies":[{"name":"wp","href":"https:\/\/api.w.org\/{rel}","templated":true}]}}