{"id":20056,"date":"2021-02-08T23:07:09","date_gmt":"2021-02-08T23:07:09","guid":{"rendered":"https:\/\/blogdorogeriogomes.com.br\/?p=20056"},"modified":"2021-02-11T18:55:52","modified_gmt":"2021-02-11T18:55:52","slug":"covid-19-ceara-apresenta-tres-pacientes-com-variante-de-manaus","status":"publish","type":"post","link":"https:\/\/blogdorogeriogomes.com.br\/noticias\/2021\/02\/covid-19-ceara-apresenta-tres-pacientes-com-variante-de-manaus\/","title":{"rendered":"Covid-19: Cear\u00e1 apresenta tr\u00eas pacientes com variante de Manaus"},"content":{"rendered":"\n<p>A Secretaria da Sa\u00fade do Cear\u00e1 (Sesa) divulgou nesta segunda-feira, dia 8 de fevereiro, que a variante do coronav\u00edrus surgida em Manaus foi identificada em tr\u00eas pacientes no Cear\u00e1. Outros 90 casos suspeitos ainda est\u00e3o sob an\u00e1lise no Estado.<\/p>\n\n\n\n<p>Dos portadores da variante, uma pessoa reside no Cear\u00e1 e as outras duas vieram de outros estados. De acordo com o Governo Estadual, o cont\u00e1gio de habitantes indica a possibilidade de haver transmiss\u00e3o comunit\u00e1ria.<\/p>\n\n\n\n<p>A confirma\u00e7\u00e3o do v\u00edrus veio ap\u00f3s an\u00e1lises realizada pela Funda\u00e7\u00e3o Oswaldo Cruz (Fiocruz) no Cear\u00e1 e no Amazonas. O genoma da linhagem da variante do coronav\u00edrus foi acusada no sequenciamento total nas tr\u00eas amostras.<\/p>\n\n\n\n<figure class=\"wp-block-image size-large\"><img loading=\"lazy\" decoding=\"async\" width=\"738\" height=\"415\" src=\"https:\/\/blogdorogeriogomes.com.br\/wp-content\/uploads\/2021\/02\/images-20.jpeg\" alt=\"\" class=\"wp-image-20057\" srcset=\"https:\/\/blogdorogeriogomes.com.br\/noticias\/wp-content\/uploads\/2021\/02\/images-20.jpeg 738w, https:\/\/blogdorogeriogomes.com.br\/noticias\/wp-content\/uploads\/2021\/02\/images-20-300x169.jpeg 300w\" sizes=\"auto, (max-width: 738px) 100vw, 738px\" \/><\/figure>\n","protected":false},"excerpt":{"rendered":"<p>A Secretaria da Sa\u00fade do Cear\u00e1 (Sesa) divulgou nesta segunda-feira, dia 8 de fevereiro, que a variante do coronav\u00edrus surgida em Manaus foi identificada em tr\u00eas pacientes no Cear\u00e1. Outros 90 casos suspeitos ainda est\u00e3o sob an\u00e1lise no Estado. Dos portadores da variante, uma pessoa reside no Cear\u00e1 e as outras duas vieram de outros estados. De acordo com o Governo Estadual, o cont\u00e1gio de habitantes indica a possibilidade de haver transmiss\u00e3o comunit\u00e1ria. A confirma\u00e7\u00e3o do v\u00edrus veio ap\u00f3s&hellip;<\/p>\n","protected":false},"author":1,"featured_media":20057,"comment_status":"open","ping_status":"open","sticky":false,"template":"","format":"standard","meta":{"footnotes":""},"categories":[1],"tags":[],"class_list":["post-20056","post","type-post","status-publish","format-standard","has-post-thumbnail","hentry","category-noticias"],"_links":{"self":[{"href":"https:\/\/blogdorogeriogomes.com.br\/noticias\/wp-json\/wp\/v2\/posts\/20056","targetHints":{"allow":["GET"]}}],"collection":[{"href":"https:\/\/blogdorogeriogomes.com.br\/noticias\/wp-json\/wp\/v2\/posts"}],"about":[{"href":"https:\/\/blogdorogeriogomes.com.br\/noticias\/wp-json\/wp\/v2\/types\/post"}],"author":[{"embeddable":true,"href":"https:\/\/blogdorogeriogomes.com.br\/noticias\/wp-json\/wp\/v2\/users\/1"}],"replies":[{"embeddable":true,"href":"https:\/\/blogdorogeriogomes.com.br\/noticias\/wp-json\/wp\/v2\/comments?post=20056"}],"version-history":[{"count":1,"href":"https:\/\/blogdorogeriogomes.com.br\/noticias\/wp-json\/wp\/v2\/posts\/20056\/revisions"}],"predecessor-version":[{"id":20058,"href":"https:\/\/blogdorogeriogomes.com.br\/noticias\/wp-json\/wp\/v2\/posts\/20056\/revisions\/20058"}],"wp:featuredmedia":[{"embeddable":true,"href":"https:\/\/blogdorogeriogomes.com.br\/noticias\/wp-json\/wp\/v2\/media\/20057"}],"wp:attachment":[{"href":"https:\/\/blogdorogeriogomes.com.br\/noticias\/wp-json\/wp\/v2\/media?parent=20056"}],"wp:term":[{"taxonomy":"category","embeddable":true,"href":"https:\/\/blogdorogeriogomes.com.br\/noticias\/wp-json\/wp\/v2\/categories?post=20056"},{"taxonomy":"post_tag","embeddable":true,"href":"https:\/\/blogdorogeriogomes.com.br\/noticias\/wp-json\/wp\/v2\/tags?post=20056"}],"curies":[{"name":"wp","href":"https:\/\/api.w.org\/{rel}","templated":true}]}}