{"id":20059,"date":"2021-02-09T09:56:40","date_gmt":"2021-02-09T09:56:40","guid":{"rendered":"https:\/\/blogdorogeriogomes.com.br\/?p=20059"},"modified":"2021-02-11T18:55:42","modified_gmt":"2021-02-11T18:55:42","slug":"comeca-hoje-o-agendamento-para-idosos-que-desejam-utilizar-taxi-ou-aplicativo-gratuito-para-ir-se-vacinar-em-postos-do-drive-thru-na-capital","status":"publish","type":"post","link":"https:\/\/blogdorogeriogomes.com.br\/noticias\/2021\/02\/comeca-hoje-o-agendamento-para-idosos-que-desejam-utilizar-taxi-ou-aplicativo-gratuito-para-ir-se-vacinar-em-postos-do-drive-thru-na-capital\/","title":{"rendered":"Come\u00e7a hoje o agendamento para idosos que desejam utilizar t\u00e1xi ou aplicativo gratuito para ir se vacinar em postos do drive thru na Capital"},"content":{"rendered":"\n<p>Como forma de agilizar a vacina\u00e7\u00e3o de idosos acima de 75 anos nos postos de drive thru em Fortaleza, come\u00e7a nesta&nbsp;ter\u00e7a-feira, dia 9 de fevereiro, o agendamento para o transporte de idosos&nbsp;que n\u00e3o t\u00eam ve\u00edculo pr\u00f3prio. A ideia foi lan\u00e7ada pelo Governo do Estado e pela Prefeitura de Fortaleza. A solicita\u00e7\u00e3o do servi\u00e7o poder\u00e1 ser feita&nbsp;por meio de uma&nbsp;central telef\u00f4nica atrav\u00e9s do n\u00famero 156. No primeiro momento, ser\u00e3o atendidos&nbsp;idosos a partir de 80 anos cadastrados at\u00e9 esta segunda-feira, dia 8, na plataforma Vacine J\u00e1.<\/p>\n\n\n\n<p>O servi\u00e7o de transporte de idosos come\u00e7a efetivamente nesta quarta-feira, dia 10, com 200 ve\u00edculos dispon\u00edveis. Ser\u00e3o 100 taxistas e 100 motoristas de aplicativos de mobilidade que ir\u00e3o ajudar a levar os idosos de casa at\u00e9 os postos de vacina\u00e7\u00e3o.<\/p>\n\n\n\n<p>Governo e Prefeitura da Capital tamb\u00e9m iniciaram uma opera\u00e7\u00e3o, nesta ter\u00e7a-feira, nos terminais de \u00f4nibus para reduzir a lota\u00e7\u00e3o do transporte p\u00fablico nos hor\u00e1rios de pico. A meta \u00e9 disponibilizar 200 \u00f4nibus extras nos hor\u00e1rios de maior movimento de passageiros a fim de diminuir a dissemina\u00e7\u00e3o do coronav\u00edrus dentro dos coletivos.<\/p>\n\n\n\n<figure class=\"wp-block-image size-large\"><img loading=\"lazy\" decoding=\"async\" width=\"679\" height=\"452\" src=\"https:\/\/blogdorogeriogomes.com.br\/wp-content\/uploads\/2021\/02\/images-21.jpeg\" alt=\"\" class=\"wp-image-20060\" srcset=\"https:\/\/blogdorogeriogomes.com.br\/noticias\/wp-content\/uploads\/2021\/02\/images-21.jpeg 679w, https:\/\/blogdorogeriogomes.com.br\/noticias\/wp-content\/uploads\/2021\/02\/images-21-300x200.jpeg 300w\" sizes=\"auto, (max-width: 679px) 100vw, 679px\" \/><\/figure>\n","protected":false},"excerpt":{"rendered":"<p>Como forma de agilizar a vacina\u00e7\u00e3o de idosos acima de 75 anos nos postos de drive thru em Fortaleza, come\u00e7a nesta&nbsp;ter\u00e7a-feira, dia 9 de fevereiro, o agendamento para o transporte de idosos&nbsp;que n\u00e3o t\u00eam ve\u00edculo pr\u00f3prio. A ideia foi lan\u00e7ada pelo Governo do Estado e pela Prefeitura de Fortaleza. A solicita\u00e7\u00e3o do servi\u00e7o poder\u00e1 ser feita&nbsp;por meio de uma&nbsp;central telef\u00f4nica atrav\u00e9s do n\u00famero 156. No primeiro momento, ser\u00e3o atendidos&nbsp;idosos a partir de 80 anos cadastrados at\u00e9 esta segunda-feira, dia&hellip;<\/p>\n","protected":false},"author":1,"featured_media":20060,"comment_status":"open","ping_status":"open","sticky":false,"template":"","format":"standard","meta":{"footnotes":""},"categories":[1],"tags":[],"class_list":["post-20059","post","type-post","status-publish","format-standard","has-post-thumbnail","hentry","category-noticias"],"_links":{"self":[{"href":"https:\/\/blogdorogeriogomes.com.br\/noticias\/wp-json\/wp\/v2\/posts\/20059","targetHints":{"allow":["GET"]}}],"collection":[{"href":"https:\/\/blogdorogeriogomes.com.br\/noticias\/wp-json\/wp\/v2\/posts"}],"about":[{"href":"https:\/\/blogdorogeriogomes.com.br\/noticias\/wp-json\/wp\/v2\/types\/post"}],"author":[{"embeddable":true,"href":"https:\/\/blogdorogeriogomes.com.br\/noticias\/wp-json\/wp\/v2\/users\/1"}],"replies":[{"embeddable":true,"href":"https:\/\/blogdorogeriogomes.com.br\/noticias\/wp-json\/wp\/v2\/comments?post=20059"}],"version-history":[{"count":2,"href":"https:\/\/blogdorogeriogomes.com.br\/noticias\/wp-json\/wp\/v2\/posts\/20059\/revisions"}],"predecessor-version":[{"id":20104,"href":"https:\/\/blogdorogeriogomes.com.br\/noticias\/wp-json\/wp\/v2\/posts\/20059\/revisions\/20104"}],"wp:featuredmedia":[{"embeddable":true,"href":"https:\/\/blogdorogeriogomes.com.br\/noticias\/wp-json\/wp\/v2\/media\/20060"}],"wp:attachment":[{"href":"https:\/\/blogdorogeriogomes.com.br\/noticias\/wp-json\/wp\/v2\/media?parent=20059"}],"wp:term":[{"taxonomy":"category","embeddable":true,"href":"https:\/\/blogdorogeriogomes.com.br\/noticias\/wp-json\/wp\/v2\/categories?post=20059"},{"taxonomy":"post_tag","embeddable":true,"href":"https:\/\/blogdorogeriogomes.com.br\/noticias\/wp-json\/wp\/v2\/tags?post=20059"}],"curies":[{"name":"wp","href":"https:\/\/api.w.org\/{rel}","templated":true}]}}