{"id":20079,"date":"2021-02-10T10:35:38","date_gmt":"2021-02-10T10:35:38","guid":{"rendered":"https:\/\/blogdorogeriogomes.com.br\/?p=20079"},"modified":"2021-02-11T18:52:09","modified_gmt":"2021-02-11T18:52:09","slug":"bolsonaro-exclui-general-mourao-de-reuniao-com-ministros-e-deixa-claro-que-nao-tem-mais-confianca-no-vice-presidente","status":"publish","type":"post","link":"https:\/\/blogdorogeriogomes.com.br\/noticias\/2021\/02\/bolsonaro-exclui-general-mourao-de-reuniao-com-ministros-e-deixa-claro-que-nao-tem-mais-confianca-no-vice-presidente\/","title":{"rendered":"Bolsonaro exclui General Mour\u00e3o de reuni\u00e3o com ministros e deixa claro que n\u00e3o tem mais confian\u00e7a no vice-presidente"},"content":{"rendered":"\n<p>A rela\u00e7\u00e3o entre o presidente Jair Bolsonaro e o vice General Mour\u00e3o n\u00e3o anda das melhores. Nesta ter\u00e7a-feira, dia 9 de fevereiro, Mour\u00e3o foi exclu\u00eddo de uma reuni\u00e3o que Bolsonaro teve com 22 dos 23 ministros. O \u00fanico ausente foi F\u00e1bio Faria, das Comunica\u00e7\u00f5es, que est\u00e1 no exterior. O vice Mour\u00e3o n\u00e3o foi sequer convidado.<\/p>\n\n\n\n<p>Em resposta, o vice-presidente Hamilton Mour\u00e3o, que comanda o Conselho Nacional da Amaz\u00f4nia, n\u00e3o compareceu \u00e0 cerim\u00f4nia na qual o presidente Jair Bolsonaro lan\u00e7ou um programa destinado a buscar investimentos privados para preserva\u00e7\u00e3o de \u00e1reas ambientais, come\u00e7ando pela Amaz\u00f4nia.<\/p>\n\n\n\n<p>O fato \u00e9 que Bolsonaro procura, no momento, dar aten\u00e7\u00e3o aos pedidos do Centr\u00e3o, que almeja conseguir os minist\u00e9rios da Sa\u00fade, Educa\u00e7\u00e3o e Cidadania.  Os parlamentares do Centr\u00e3o garantiram a elei\u00e7\u00e3o de aliados do Governo nas presid\u00eancias da C\u00e2mara e do Senado. \u00c9 o &#8220;pre\u00e7o&#8221; a pagar. As exig\u00eancias prometem ser cada vez maiores.<\/p>\n\n\n\n<p>O desejo mais recente do Centr\u00e3o \u00e9 trocar a ministra da Agricultura, Tereza Cristina, que iria para o lugar de Ernesto Ara\u00fajo, nas Rela\u00e7\u00f5es Exteriores. A pol\u00edtica ideol\u00f3gica internacional de Ara\u00fajo estaria atrapalhando os interesses do agroneg\u00f3cio brasileiro. A ideia divide opini\u00f5es dentro do Governo Federal.<\/p>\n\n\n\n<figure class=\"wp-block-image size-large\"><img loading=\"lazy\" decoding=\"async\" width=\"1024\" height=\"576\" src=\"https:\/\/blogdorogeriogomes.com.br\/wp-content\/uploads\/2021\/02\/50926042861-79093bbf7f-k-1024x576.jpg\" alt=\"\" class=\"wp-image-20080\" srcset=\"https:\/\/blogdorogeriogomes.com.br\/noticias\/wp-content\/uploads\/2021\/02\/50926042861-79093bbf7f-k-1024x576.jpg 1024w, https:\/\/blogdorogeriogomes.com.br\/noticias\/wp-content\/uploads\/2021\/02\/50926042861-79093bbf7f-k-300x169.jpg 300w, https:\/\/blogdorogeriogomes.com.br\/noticias\/wp-content\/uploads\/2021\/02\/50926042861-79093bbf7f-k-768x432.jpg 768w, https:\/\/blogdorogeriogomes.com.br\/noticias\/wp-content\/uploads\/2021\/02\/50926042861-79093bbf7f-k-800x450.jpg 800w, https:\/\/blogdorogeriogomes.com.br\/noticias\/wp-content\/uploads\/2021\/02\/50926042861-79093bbf7f-k.jpg 1080w\" sizes=\"auto, (max-width: 1024px) 100vw, 1024px\" \/><\/figure>\n","protected":false},"excerpt":{"rendered":"<p>A rela\u00e7\u00e3o entre o presidente Jair Bolsonaro e o vice General Mour\u00e3o n\u00e3o anda das melhores. Nesta ter\u00e7a-feira, dia 9 de fevereiro, Mour\u00e3o foi exclu\u00eddo de uma reuni\u00e3o que Bolsonaro teve com 22 dos 23 ministros. O \u00fanico ausente foi F\u00e1bio Faria, das Comunica\u00e7\u00f5es, que est\u00e1 no exterior. O vice Mour\u00e3o n\u00e3o foi sequer convidado. Em resposta, o vice-presidente Hamilton Mour\u00e3o, que comanda o Conselho Nacional da Amaz\u00f4nia, n\u00e3o compareceu \u00e0 cerim\u00f4nia na qual o presidente Jair Bolsonaro lan\u00e7ou&hellip;<\/p>\n","protected":false},"author":1,"featured_media":20080,"comment_status":"open","ping_status":"open","sticky":false,"template":"","format":"standard","meta":{"footnotes":""},"categories":[1],"tags":[],"class_list":["post-20079","post","type-post","status-publish","format-standard","has-post-thumbnail","hentry","category-noticias"],"_links":{"self":[{"href":"https:\/\/blogdorogeriogomes.com.br\/noticias\/wp-json\/wp\/v2\/posts\/20079","targetHints":{"allow":["GET"]}}],"collection":[{"href":"https:\/\/blogdorogeriogomes.com.br\/noticias\/wp-json\/wp\/v2\/posts"}],"about":[{"href":"https:\/\/blogdorogeriogomes.com.br\/noticias\/wp-json\/wp\/v2\/types\/post"}],"author":[{"embeddable":true,"href":"https:\/\/blogdorogeriogomes.com.br\/noticias\/wp-json\/wp\/v2\/users\/1"}],"replies":[{"embeddable":true,"href":"https:\/\/blogdorogeriogomes.com.br\/noticias\/wp-json\/wp\/v2\/comments?post=20079"}],"version-history":[{"count":1,"href":"https:\/\/blogdorogeriogomes.com.br\/noticias\/wp-json\/wp\/v2\/posts\/20079\/revisions"}],"predecessor-version":[{"id":20081,"href":"https:\/\/blogdorogeriogomes.com.br\/noticias\/wp-json\/wp\/v2\/posts\/20079\/revisions\/20081"}],"wp:featuredmedia":[{"embeddable":true,"href":"https:\/\/blogdorogeriogomes.com.br\/noticias\/wp-json\/wp\/v2\/media\/20080"}],"wp:attachment":[{"href":"https:\/\/blogdorogeriogomes.com.br\/noticias\/wp-json\/wp\/v2\/media?parent=20079"}],"wp:term":[{"taxonomy":"category","embeddable":true,"href":"https:\/\/blogdorogeriogomes.com.br\/noticias\/wp-json\/wp\/v2\/categories?post=20079"},{"taxonomy":"post_tag","embeddable":true,"href":"https:\/\/blogdorogeriogomes.com.br\/noticias\/wp-json\/wp\/v2\/tags?post=20079"}],"curies":[{"name":"wp","href":"https:\/\/api.w.org\/{rel}","templated":true}]}}