{"id":20082,"date":"2021-02-10T20:03:16","date_gmt":"2021-02-10T20:03:16","guid":{"rendered":"https:\/\/blogdorogeriogomes.com.br\/?p=20082"},"modified":"2021-02-11T18:51:42","modified_gmt":"2021-02-11T18:51:42","slug":"sob-protestos-de-servidores-camara-municipal-de-fortaleza-inicia-discussao-da-reforma-da-previdencia-e-aprova-projetos-enviados-por-sarto","status":"publish","type":"post","link":"https:\/\/blogdorogeriogomes.com.br\/noticias\/2021\/02\/sob-protestos-de-servidores-camara-municipal-de-fortaleza-inicia-discussao-da-reforma-da-previdencia-e-aprova-projetos-enviados-por-sarto\/","title":{"rendered":"Sob protestos de servidores, C\u00e2mara Municipal de Fortaleza inicia discuss\u00e3o da reforma da Previd\u00eancia e aprova projetos enviados por Sarto"},"content":{"rendered":"\n<p>O clima das sess\u00f5es na C\u00e2mara Municipal de Fortaleza neste in\u00edcio de ano come\u00e7ou a esquentar com as primeiras discuss\u00f5es de projetos enviados pelo prefeito Jos\u00e9 Sarto (PDT). Nesta quarta-feira, dia 10 de fevereiro, os vereadores da nova legislatura come\u00e7aram a discutir e aprovar, em regime de urg\u00eancia, mat\u00e9rias que iniciam altera\u00e7\u00f5es na Lei Org\u00e2nica do Munic\u00edpio para receber novas regras previdenci\u00e1rias. Do lado de fora do plen\u00e1rio, servidores municipais compareceram para protestar contra a reforma da Previd\u00eancia e cobrar que todas as altera\u00e7\u00f5es sejam dialogadas com os trabalhadores.<\/p>\n\n\n\n<p>Na mensagem enviada \u00e0 CMFor, Sarto ressalta que o Congresso Nacional aprovou em 2019 as novas regras para aposentadoria de servidores p\u00fablicos ocupantes de cargos efetivos e pens\u00f5es de seus dependentes, tornando necess\u00e1ria aos munic\u00edpios a devida adequa\u00e7\u00e3o aos novos par\u00e2metros para manter a sa\u00fade financeira e o pagamento das aposentadorias e remunera\u00e7\u00f5es.<\/p>\n\n\n\n<p>Um dos projetos do prefeito aprovados pela Casa foi o que equipara cargos do 1\u00ba e 2\u00ba escal\u00e3o da Prefeitura de Fortaleza. Com isso, superintendentes, coordenadores e secret\u00e1rios de regionais passam a dispor de sal\u00e1rio e n\u00edvel hier\u00e1rquico iguais a de todos os secret\u00e1rios municipais. Outra proposta deferida tornou legal a ocupa\u00e7\u00e3o de cargo cumulativo em secretaria pelo vice-prefeito. Desta forma, \u00c9lcio Batista (PSB) pode ser nomeado para cargo em secretaria ou comiss\u00e3o da gest\u00e3o do munic\u00edpio, mas sem acumular sal\u00e1rios. O vice de Sarto responde hoje tamb\u00e9m pelo Iplanfor.<\/p>\n\n\n\n<figure class=\"wp-block-image size-large\"><img loading=\"lazy\" decoding=\"async\" width=\"1024\" height=\"683\" src=\"https:\/\/blogdorogeriogomes.com.br\/wp-content\/uploads\/2021\/02\/ASM_8331-1-1024x683-1.jpg\" alt=\"\" class=\"wp-image-20083\" srcset=\"https:\/\/blogdorogeriogomes.com.br\/noticias\/wp-content\/uploads\/2021\/02\/ASM_8331-1-1024x683-1.jpg 1024w, https:\/\/blogdorogeriogomes.com.br\/noticias\/wp-content\/uploads\/2021\/02\/ASM_8331-1-1024x683-1-300x200.jpg 300w, https:\/\/blogdorogeriogomes.com.br\/noticias\/wp-content\/uploads\/2021\/02\/ASM_8331-1-1024x683-1-768x512.jpg 768w, https:\/\/blogdorogeriogomes.com.br\/noticias\/wp-content\/uploads\/2021\/02\/ASM_8331-1-1024x683-1-800x534.jpg 800w\" sizes=\"auto, (max-width: 1024px) 100vw, 1024px\" \/><\/figure>\n","protected":false},"excerpt":{"rendered":"<p>O clima das sess\u00f5es na C\u00e2mara Municipal de Fortaleza neste in\u00edcio de ano come\u00e7ou a esquentar com as primeiras discuss\u00f5es de projetos enviados pelo prefeito Jos\u00e9 Sarto (PDT). Nesta quarta-feira, dia 10 de fevereiro, os vereadores da nova legislatura come\u00e7aram a discutir e aprovar, em regime de urg\u00eancia, mat\u00e9rias que iniciam altera\u00e7\u00f5es na Lei Org\u00e2nica do Munic\u00edpio para receber novas regras previdenci\u00e1rias. Do lado de fora do plen\u00e1rio, servidores municipais compareceram para protestar contra a reforma da Previd\u00eancia e&hellip;<\/p>\n","protected":false},"author":1,"featured_media":20083,"comment_status":"open","ping_status":"open","sticky":false,"template":"","format":"standard","meta":{"footnotes":""},"categories":[1],"tags":[],"class_list":["post-20082","post","type-post","status-publish","format-standard","has-post-thumbnail","hentry","category-noticias"],"_links":{"self":[{"href":"https:\/\/blogdorogeriogomes.com.br\/noticias\/wp-json\/wp\/v2\/posts\/20082","targetHints":{"allow":["GET"]}}],"collection":[{"href":"https:\/\/blogdorogeriogomes.com.br\/noticias\/wp-json\/wp\/v2\/posts"}],"about":[{"href":"https:\/\/blogdorogeriogomes.com.br\/noticias\/wp-json\/wp\/v2\/types\/post"}],"author":[{"embeddable":true,"href":"https:\/\/blogdorogeriogomes.com.br\/noticias\/wp-json\/wp\/v2\/users\/1"}],"replies":[{"embeddable":true,"href":"https:\/\/blogdorogeriogomes.com.br\/noticias\/wp-json\/wp\/v2\/comments?post=20082"}],"version-history":[{"count":1,"href":"https:\/\/blogdorogeriogomes.com.br\/noticias\/wp-json\/wp\/v2\/posts\/20082\/revisions"}],"predecessor-version":[{"id":20084,"href":"https:\/\/blogdorogeriogomes.com.br\/noticias\/wp-json\/wp\/v2\/posts\/20082\/revisions\/20084"}],"wp:featuredmedia":[{"embeddable":true,"href":"https:\/\/blogdorogeriogomes.com.br\/noticias\/wp-json\/wp\/v2\/media\/20083"}],"wp:attachment":[{"href":"https:\/\/blogdorogeriogomes.com.br\/noticias\/wp-json\/wp\/v2\/media?parent=20082"}],"wp:term":[{"taxonomy":"category","embeddable":true,"href":"https:\/\/blogdorogeriogomes.com.br\/noticias\/wp-json\/wp\/v2\/categories?post=20082"},{"taxonomy":"post_tag","embeddable":true,"href":"https:\/\/blogdorogeriogomes.com.br\/noticias\/wp-json\/wp\/v2\/tags?post=20082"}],"curies":[{"name":"wp","href":"https:\/\/api.w.org\/{rel}","templated":true}]}}