{"id":20085,"date":"2021-02-10T22:29:17","date_gmt":"2021-02-10T22:29:17","guid":{"rendered":"https:\/\/blogdorogeriogomes.com.br\/?p=20085"},"modified":"2021-02-11T18:51:17","modified_gmt":"2021-02-11T18:51:17","slug":"deputados-votam-proposta-de-aumento-salarial-para-agentes-comunitarios-de-saude-no-ceara-nesta-quinta-feira","status":"publish","type":"post","link":"https:\/\/blogdorogeriogomes.com.br\/noticias\/2021\/02\/deputados-votam-proposta-de-aumento-salarial-para-agentes-comunitarios-de-saude-no-ceara-nesta-quinta-feira\/","title":{"rendered":"Deputados votam proposta de aumento salarial para agentes comunit\u00e1rios de sa\u00fade no Cear\u00e1 nesta quinta-feira"},"content":{"rendered":"\n<p>A Assembleia Legislativa do Cear\u00e1 deve votar, em sess\u00e3o desta quinta-feira, dia 11 de fevereiro, a mensagem governamental que disp\u00f5e sobre o aumento salarial dos agentes comunit\u00e1rios de Sa\u00fade do Estado.<\/p>\n\n\n\n<p>A medida visa equiparar a remunera\u00e7\u00e3o para o piso nacional de R$ 1.550, amparada por lei federal, j\u00e1 considerando assim qualquer revis\u00e3o geral aplic\u00e1vel para os sevidores estaduais.<\/p>\n\n\n\n<p>O governador Camilo Santana (PT) enviou o projeto \u00e0 AL-CE na quinta-feira da semana passada, dia 4. Os deputados estaduais leram e aprovaram para tramita\u00e7\u00e3o em regime de urg\u00eancia no mesmo dia.<\/p>\n\n\n\n<p>No texto do documento, Camilo defende a relev\u00e2ncia do trabalho executado pelos agentes. &#8220;S\u00e3o cerca de 14.600 profissionais que diariamente visitam lares levando informa\u00e7\u00e3o, vendo, ouvindo e aconselhando a popula\u00e7\u00e3o sobre a alimenta\u00e7\u00e3o, sa\u00fade, educa\u00e7\u00e3o e outros temas&#8221;, justifica.<\/p>\n\n\n\n<figure class=\"wp-block-image size-large\"><img loading=\"lazy\" decoding=\"async\" width=\"900\" height=\"600\" src=\"https:\/\/blogdorogeriogomes.com.br\/wp-content\/uploads\/2021\/02\/a8dd03f7ed4205d258f4af70a6827e3e_XL.jpg\" alt=\"\" class=\"wp-image-20086\" srcset=\"https:\/\/blogdorogeriogomes.com.br\/noticias\/wp-content\/uploads\/2021\/02\/a8dd03f7ed4205d258f4af70a6827e3e_XL.jpg 900w, https:\/\/blogdorogeriogomes.com.br\/noticias\/wp-content\/uploads\/2021\/02\/a8dd03f7ed4205d258f4af70a6827e3e_XL-300x200.jpg 300w, https:\/\/blogdorogeriogomes.com.br\/noticias\/wp-content\/uploads\/2021\/02\/a8dd03f7ed4205d258f4af70a6827e3e_XL-768x512.jpg 768w, https:\/\/blogdorogeriogomes.com.br\/noticias\/wp-content\/uploads\/2021\/02\/a8dd03f7ed4205d258f4af70a6827e3e_XL-800x533.jpg 800w\" sizes=\"auto, (max-width: 900px) 100vw, 900px\" \/><\/figure>\n","protected":false},"excerpt":{"rendered":"<p>A Assembleia Legislativa do Cear\u00e1 deve votar, em sess\u00e3o desta quinta-feira, dia 11 de fevereiro, a mensagem governamental que disp\u00f5e sobre o aumento salarial dos agentes comunit\u00e1rios de Sa\u00fade do Estado. A medida visa equiparar a remunera\u00e7\u00e3o para o piso nacional de R$ 1.550, amparada por lei federal, j\u00e1 considerando assim qualquer revis\u00e3o geral aplic\u00e1vel para os sevidores estaduais. O governador Camilo Santana (PT) enviou o projeto \u00e0 AL-CE na quinta-feira da semana passada, dia 4. Os deputados estaduais&hellip;<\/p>\n","protected":false},"author":1,"featured_media":20086,"comment_status":"open","ping_status":"open","sticky":false,"template":"","format":"standard","meta":{"footnotes":""},"categories":[1],"tags":[],"class_list":["post-20085","post","type-post","status-publish","format-standard","has-post-thumbnail","hentry","category-noticias"],"_links":{"self":[{"href":"https:\/\/blogdorogeriogomes.com.br\/noticias\/wp-json\/wp\/v2\/posts\/20085","targetHints":{"allow":["GET"]}}],"collection":[{"href":"https:\/\/blogdorogeriogomes.com.br\/noticias\/wp-json\/wp\/v2\/posts"}],"about":[{"href":"https:\/\/blogdorogeriogomes.com.br\/noticias\/wp-json\/wp\/v2\/types\/post"}],"author":[{"embeddable":true,"href":"https:\/\/blogdorogeriogomes.com.br\/noticias\/wp-json\/wp\/v2\/users\/1"}],"replies":[{"embeddable":true,"href":"https:\/\/blogdorogeriogomes.com.br\/noticias\/wp-json\/wp\/v2\/comments?post=20085"}],"version-history":[{"count":1,"href":"https:\/\/blogdorogeriogomes.com.br\/noticias\/wp-json\/wp\/v2\/posts\/20085\/revisions"}],"predecessor-version":[{"id":20087,"href":"https:\/\/blogdorogeriogomes.com.br\/noticias\/wp-json\/wp\/v2\/posts\/20085\/revisions\/20087"}],"wp:featuredmedia":[{"embeddable":true,"href":"https:\/\/blogdorogeriogomes.com.br\/noticias\/wp-json\/wp\/v2\/media\/20086"}],"wp:attachment":[{"href":"https:\/\/blogdorogeriogomes.com.br\/noticias\/wp-json\/wp\/v2\/media?parent=20085"}],"wp:term":[{"taxonomy":"category","embeddable":true,"href":"https:\/\/blogdorogeriogomes.com.br\/noticias\/wp-json\/wp\/v2\/categories?post=20085"},{"taxonomy":"post_tag","embeddable":true,"href":"https:\/\/blogdorogeriogomes.com.br\/noticias\/wp-json\/wp\/v2\/tags?post=20085"}],"curies":[{"name":"wp","href":"https:\/\/api.w.org\/{rel}","templated":true}]}}