{"id":20091,"date":"2021-02-11T10:01:48","date_gmt":"2021-02-11T10:01:48","guid":{"rendered":"https:\/\/blogdorogeriogomes.com.br\/?p=20091"},"modified":"2021-02-11T18:50:28","modified_gmt":"2021-02-11T18:50:28","slug":"camara-dos-deputados-aprova-autonomia-do-banco-central-texto-segue-para-sancao-presidencial","status":"publish","type":"post","link":"https:\/\/blogdorogeriogomes.com.br\/noticias\/2021\/02\/camara-dos-deputados-aprova-autonomia-do-banco-central-texto-segue-para-sancao-presidencial\/","title":{"rendered":"C\u00e2mara dos Deputados aprova autonomia do Banco Central. Texto segue para san\u00e7\u00e3o presidencial"},"content":{"rendered":"\n<p>A C\u00e2mara dos Deputados aprovou nesta quarta-feira, dia 10 de fevereiro, o texto-base do projeto de lei complementar que estabelece mandatos fixos para o presidente e diretores do Banco Central, o que reduziria as chances de interfer\u00eancia pol\u00edtica na autoridade monet\u00e1ria. O projeto foi aprovado no Senado em novembro e est\u00e1 entre as prioridades do Governo Federal. Segundo o projeto, a prioridade do Banco Central ser\u00e1 assegurar a estabilidade dos pre\u00e7os. <\/p>\n\n\n\n<p>O texto prev\u00ea que a autoridade monet\u00e1ria tenha mandatos fixos de quatro anos para o presidente e os diretores da institui\u00e7\u00e3o. Com isso, a demiss\u00e3o por iniciativa do presidente da Rep\u00fablica seria dificultada.<br>Atualmente, al\u00e9m de n\u00e3o haver mandato, os dirigentes podem ser demitidos por iniciativa do presidente da Rep\u00fablica.<\/p>\n\n\n\n<p>O argumento \u00e9 que esse procedimento tem como objetivo blindar a institui\u00e7\u00e3o de interfer\u00eancia pol\u00edticas. Os opositores ao projeto garantem que a aprova\u00e7\u00e3o da autonomia do Banco Central garante for\u00e7a para o mercado financeiro interferir nas decis\u00f5es da institui\u00e7\u00e3o, conforme seus interesses.<\/p>\n\n\n\n<figure class=\"wp-block-image size-large\"><img loading=\"lazy\" decoding=\"async\" width=\"418\" height=\"314\" src=\"https:\/\/blogdorogeriogomes.com.br\/wp-content\/uploads\/2021\/02\/Banco-Central.jpg\" alt=\"\" class=\"wp-image-20092\" srcset=\"https:\/\/blogdorogeriogomes.com.br\/noticias\/wp-content\/uploads\/2021\/02\/Banco-Central.jpg 418w, https:\/\/blogdorogeriogomes.com.br\/noticias\/wp-content\/uploads\/2021\/02\/Banco-Central-300x225.jpg 300w, https:\/\/blogdorogeriogomes.com.br\/noticias\/wp-content\/uploads\/2021\/02\/Banco-Central-400x300.jpg 400w\" sizes=\"auto, (max-width: 418px) 100vw, 418px\" \/><\/figure>\n","protected":false},"excerpt":{"rendered":"<p>A C\u00e2mara dos Deputados aprovou nesta quarta-feira, dia 10 de fevereiro, o texto-base do projeto de lei complementar que estabelece mandatos fixos para o presidente e diretores do Banco Central, o que reduziria as chances de interfer\u00eancia pol\u00edtica na autoridade monet\u00e1ria. O projeto foi aprovado no Senado em novembro e est\u00e1 entre as prioridades do Governo Federal. Segundo o projeto, a prioridade do Banco Central ser\u00e1 assegurar a estabilidade dos pre\u00e7os. O texto prev\u00ea que a autoridade monet\u00e1ria tenha&hellip;<\/p>\n","protected":false},"author":1,"featured_media":20092,"comment_status":"open","ping_status":"open","sticky":false,"template":"","format":"standard","meta":{"footnotes":""},"categories":[1],"tags":[],"class_list":["post-20091","post","type-post","status-publish","format-standard","has-post-thumbnail","hentry","category-noticias"],"_links":{"self":[{"href":"https:\/\/blogdorogeriogomes.com.br\/noticias\/wp-json\/wp\/v2\/posts\/20091","targetHints":{"allow":["GET"]}}],"collection":[{"href":"https:\/\/blogdorogeriogomes.com.br\/noticias\/wp-json\/wp\/v2\/posts"}],"about":[{"href":"https:\/\/blogdorogeriogomes.com.br\/noticias\/wp-json\/wp\/v2\/types\/post"}],"author":[{"embeddable":true,"href":"https:\/\/blogdorogeriogomes.com.br\/noticias\/wp-json\/wp\/v2\/users\/1"}],"replies":[{"embeddable":true,"href":"https:\/\/blogdorogeriogomes.com.br\/noticias\/wp-json\/wp\/v2\/comments?post=20091"}],"version-history":[{"count":1,"href":"https:\/\/blogdorogeriogomes.com.br\/noticias\/wp-json\/wp\/v2\/posts\/20091\/revisions"}],"predecessor-version":[{"id":20093,"href":"https:\/\/blogdorogeriogomes.com.br\/noticias\/wp-json\/wp\/v2\/posts\/20091\/revisions\/20093"}],"wp:featuredmedia":[{"embeddable":true,"href":"https:\/\/blogdorogeriogomes.com.br\/noticias\/wp-json\/wp\/v2\/media\/20092"}],"wp:attachment":[{"href":"https:\/\/blogdorogeriogomes.com.br\/noticias\/wp-json\/wp\/v2\/media?parent=20091"}],"wp:term":[{"taxonomy":"category","embeddable":true,"href":"https:\/\/blogdorogeriogomes.com.br\/noticias\/wp-json\/wp\/v2\/categories?post=20091"},{"taxonomy":"post_tag","embeddable":true,"href":"https:\/\/blogdorogeriogomes.com.br\/noticias\/wp-json\/wp\/v2\/tags?post=20091"}],"curies":[{"name":"wp","href":"https:\/\/api.w.org\/{rel}","templated":true}]}}