{"id":20094,"date":"2021-02-11T10:36:20","date_gmt":"2021-02-11T10:36:20","guid":{"rendered":"https:\/\/blogdorogeriogomes.com.br\/?p=20094"},"modified":"2021-02-11T18:50:02","modified_gmt":"2021-02-11T18:50:02","slug":"fortaleza-entra-no-risco-altissimo-de-transmissao-da-covid-19-segundo-a-plataforma-sus","status":"publish","type":"post","link":"https:\/\/blogdorogeriogomes.com.br\/noticias\/2021\/02\/fortaleza-entra-no-risco-altissimo-de-transmissao-da-covid-19-segundo-a-plataforma-sus\/","title":{"rendered":"Fortaleza entra no risco alt\u00edssimo de transmiss\u00e3o da Covid-19, segundo a plataforma SUS"},"content":{"rendered":"\n<p>Segundo a Secretaria de Sa\u00fade do Cear\u00e1, a segunda onda de transmiss\u00e3o do coronav\u00edrus em Fortaleza levou a Capital ao n\u00edvel de risco alt\u00edssimo no indicador de incid\u00eancia de casos di\u00e1rios a cada 100 mil habitantes. Foram 249,1 novos registros&nbsp;em m\u00e9dia nas duas \u00faltimas semanas epidemiol\u00f3gicas, entre 24 de janeiro e 6 de fevereiro. 80% dos munic\u00edpios cearenses est\u00e3o em n\u00edvel de alerta alto ou alt\u00edssimo para a doen\u00e7a. S\u00e3o 147 dos 184 munic\u00edpios nessa situa\u00e7\u00e3o. O Cear\u00e1 tem 388.049 casos confirmados da Covid-19 com 10.670 mortes pela pandemia.<\/p>\n\n\n\n<p>O Brasil completou 21 dias seguidos com mais de mil v\u00edtimas na m\u00e9dia de mortes pelo coronav\u00edrus: 1.050 v\u00edtimas nos \u00faltimos sete dias. O Pa\u00eds tamb\u00e9m registrou o quarto dia com maior n\u00famero de mortes confirmadas pela Covid-19 nas \u00faltimas 24 horas: 1.357 novos \u00f3bitos.<\/p>\n\n\n\n<figure class=\"wp-block-image size-large\"><img loading=\"lazy\" decoding=\"async\" width=\"678\" height=\"452\" src=\"https:\/\/blogdorogeriogomes.com.br\/wp-content\/uploads\/2021\/02\/images-3.jpeg\" alt=\"\" class=\"wp-image-20095\" srcset=\"https:\/\/blogdorogeriogomes.com.br\/noticias\/wp-content\/uploads\/2021\/02\/images-3.jpeg 678w, https:\/\/blogdorogeriogomes.com.br\/noticias\/wp-content\/uploads\/2021\/02\/images-3-300x200.jpeg 300w\" sizes=\"auto, (max-width: 678px) 100vw, 678px\" \/><\/figure>\n","protected":false},"excerpt":{"rendered":"<p>Segundo a Secretaria de Sa\u00fade do Cear\u00e1, a segunda onda de transmiss\u00e3o do coronav\u00edrus em Fortaleza levou a Capital ao n\u00edvel de risco alt\u00edssimo no indicador de incid\u00eancia de casos di\u00e1rios a cada 100 mil habitantes. Foram 249,1 novos registros&nbsp;em m\u00e9dia nas duas \u00faltimas semanas epidemiol\u00f3gicas, entre 24 de janeiro e 6 de fevereiro. 80% dos munic\u00edpios cearenses est\u00e3o em n\u00edvel de alerta alto ou alt\u00edssimo para a doen\u00e7a. S\u00e3o 147 dos 184 munic\u00edpios nessa situa\u00e7\u00e3o. O Cear\u00e1 tem&hellip;<\/p>\n","protected":false},"author":1,"featured_media":20095,"comment_status":"open","ping_status":"open","sticky":false,"template":"","format":"standard","meta":{"footnotes":""},"categories":[1],"tags":[],"class_list":["post-20094","post","type-post","status-publish","format-standard","has-post-thumbnail","hentry","category-noticias"],"_links":{"self":[{"href":"https:\/\/blogdorogeriogomes.com.br\/noticias\/wp-json\/wp\/v2\/posts\/20094","targetHints":{"allow":["GET"]}}],"collection":[{"href":"https:\/\/blogdorogeriogomes.com.br\/noticias\/wp-json\/wp\/v2\/posts"}],"about":[{"href":"https:\/\/blogdorogeriogomes.com.br\/noticias\/wp-json\/wp\/v2\/types\/post"}],"author":[{"embeddable":true,"href":"https:\/\/blogdorogeriogomes.com.br\/noticias\/wp-json\/wp\/v2\/users\/1"}],"replies":[{"embeddable":true,"href":"https:\/\/blogdorogeriogomes.com.br\/noticias\/wp-json\/wp\/v2\/comments?post=20094"}],"version-history":[{"count":2,"href":"https:\/\/blogdorogeriogomes.com.br\/noticias\/wp-json\/wp\/v2\/posts\/20094\/revisions"}],"predecessor-version":[{"id":20103,"href":"https:\/\/blogdorogeriogomes.com.br\/noticias\/wp-json\/wp\/v2\/posts\/20094\/revisions\/20103"}],"wp:featuredmedia":[{"embeddable":true,"href":"https:\/\/blogdorogeriogomes.com.br\/noticias\/wp-json\/wp\/v2\/media\/20095"}],"wp:attachment":[{"href":"https:\/\/blogdorogeriogomes.com.br\/noticias\/wp-json\/wp\/v2\/media?parent=20094"}],"wp:term":[{"taxonomy":"category","embeddable":true,"href":"https:\/\/blogdorogeriogomes.com.br\/noticias\/wp-json\/wp\/v2\/categories?post=20094"},{"taxonomy":"post_tag","embeddable":true,"href":"https:\/\/blogdorogeriogomes.com.br\/noticias\/wp-json\/wp\/v2\/tags?post=20094"}],"curies":[{"name":"wp","href":"https:\/\/api.w.org\/{rel}","templated":true}]}}