{"id":20097,"date":"2021-02-11T18:10:04","date_gmt":"2021-02-11T18:10:04","guid":{"rendered":"https:\/\/blogdorogeriogomes.com.br\/?p=20097"},"modified":"2021-02-11T18:49:36","modified_gmt":"2021-02-11T18:49:36","slug":"comissao-da-camara-municipal-aprova-projeto-que-estabelece-templos-e-igrejas-como-atividades-essenciais-em-fortaleza","status":"publish","type":"post","link":"https:\/\/blogdorogeriogomes.com.br\/noticias\/2021\/02\/comissao-da-camara-municipal-aprova-projeto-que-estabelece-templos-e-igrejas-como-atividades-essenciais-em-fortaleza\/","title":{"rendered":"Comiss\u00e3o da C\u00e2mara Municipal aprova projeto que estabelece templos e igrejas como atividades essenciais em Fortaleza"},"content":{"rendered":"\n<p>Foi aprovado pela Comiss\u00e3o de Constitui\u00e7\u00e3o e Justi\u00e7a (CCJ) C\u00e2mara Municipal de Fortaleza, nesta quinta-feira, dia 11 de fevereiro, o projeto que coloca igrejas e templos religiosos dentro das atividades consideradas essenciais em per\u00edodo de calamidade p\u00fablica. A proposta \u00e9 de autoria do pastor Ronaldo Martins (Republicanos), e deve seguir ao plen\u00e1rio para vota\u00e7\u00e3o nos pr\u00f3ximos dias.<\/p>\n\n\n\n<p>O objetivo da medida \u00e9 tirar restri\u00e7\u00f5es para a realiza\u00e7\u00e3o de missas e cultos evang\u00e9licos, independentemente das medidas tomadas por Governo do Cear\u00e1 e Prefeitura de Fortaleza diante da pandemia do novo coronav\u00edrus.<\/p>\n\n\n\n<p>A Casa enfrenta forte resist\u00eancia de parlamentares religiosos desde o fim da gest\u00e3o do prefeito Roberto Cl\u00e1udio, devido \u00e0s proibi\u00e7\u00f5es de reuni\u00f5es em igrejas como parte das delibera\u00e7\u00f5es de seguran\u00e7a sanit\u00e1ria. No ano passado, parlamentares ligados a comunidades cat\u00f3licas e evang\u00e9licas chegaram a reclamar de &#8220;persegui\u00e7\u00e3o&#8221; por parte do poder executivo na Capital.<\/p>\n\n\n\n<p>Os membros da Comiss\u00e3o de Constitui\u00e7\u00e3o e Justi\u00e7a aprovaram tamb\u00e9m o projeto de resolu\u00e7\u00e3o que disciplina medidas excepcionais e tempor\u00e1rias com o objetivo de viabilizar o funcionamento das atividades presenciais do Plen\u00e1rio e das Comiss\u00f5es durante o atual quadro de pandemia do novo Coronav\u00edrus. A mat\u00e9ria segue para vota\u00e7\u00e3o no Plen\u00e1rio. O presidente da CCJ, vereador L\u00facio Bruno (PDT), ressalta que os trabalhos j\u00e1 C\u00e2mara Municipal devem ser retomados com toda seguran\u00e7a que o cen\u00e1rio epidemiol\u00f3gico em Fortaleza exige.<\/p>\n\n\n\n<figure class=\"wp-block-image size-large\"><img loading=\"lazy\" decoding=\"async\" width=\"1024\" height=\"766\" src=\"https:\/\/blogdorogeriogomes.com.br\/wp-content\/uploads\/2021\/02\/IMG-20210211-WA0072-1024x766.jpg\" alt=\"\" class=\"wp-image-20098\" srcset=\"https:\/\/blogdorogeriogomes.com.br\/noticias\/wp-content\/uploads\/2021\/02\/IMG-20210211-WA0072-1024x766.jpg 1024w, https:\/\/blogdorogeriogomes.com.br\/noticias\/wp-content\/uploads\/2021\/02\/IMG-20210211-WA0072-300x225.jpg 300w, https:\/\/blogdorogeriogomes.com.br\/noticias\/wp-content\/uploads\/2021\/02\/IMG-20210211-WA0072-768x575.jpg 768w, https:\/\/blogdorogeriogomes.com.br\/noticias\/wp-content\/uploads\/2021\/02\/IMG-20210211-WA0072-800x599.jpg 800w, https:\/\/blogdorogeriogomes.com.br\/noticias\/wp-content\/uploads\/2021\/02\/IMG-20210211-WA0072-400x300.jpg 400w, https:\/\/blogdorogeriogomes.com.br\/noticias\/wp-content\/uploads\/2021\/02\/IMG-20210211-WA0072.jpg 1280w\" sizes=\"auto, (max-width: 1024px) 100vw, 1024px\" \/><\/figure>\n","protected":false},"excerpt":{"rendered":"<p>Foi aprovado pela Comiss\u00e3o de Constitui\u00e7\u00e3o e Justi\u00e7a (CCJ) C\u00e2mara Municipal de Fortaleza, nesta quinta-feira, dia 11 de fevereiro, o projeto que coloca igrejas e templos religiosos dentro das atividades consideradas essenciais em per\u00edodo de calamidade p\u00fablica. A proposta \u00e9 de autoria do pastor Ronaldo Martins (Republicanos), e deve seguir ao plen\u00e1rio para vota\u00e7\u00e3o nos pr\u00f3ximos dias. O objetivo da medida \u00e9 tirar restri\u00e7\u00f5es para a realiza\u00e7\u00e3o de missas e cultos evang\u00e9licos, independentemente das medidas tomadas por Governo do&hellip;<\/p>\n","protected":false},"author":1,"featured_media":20098,"comment_status":"open","ping_status":"open","sticky":false,"template":"","format":"standard","meta":{"footnotes":""},"categories":[1],"tags":[],"class_list":["post-20097","post","type-post","status-publish","format-standard","has-post-thumbnail","hentry","category-noticias"],"_links":{"self":[{"href":"https:\/\/blogdorogeriogomes.com.br\/noticias\/wp-json\/wp\/v2\/posts\/20097","targetHints":{"allow":["GET"]}}],"collection":[{"href":"https:\/\/blogdorogeriogomes.com.br\/noticias\/wp-json\/wp\/v2\/posts"}],"about":[{"href":"https:\/\/blogdorogeriogomes.com.br\/noticias\/wp-json\/wp\/v2\/types\/post"}],"author":[{"embeddable":true,"href":"https:\/\/blogdorogeriogomes.com.br\/noticias\/wp-json\/wp\/v2\/users\/1"}],"replies":[{"embeddable":true,"href":"https:\/\/blogdorogeriogomes.com.br\/noticias\/wp-json\/wp\/v2\/comments?post=20097"}],"version-history":[{"count":1,"href":"https:\/\/blogdorogeriogomes.com.br\/noticias\/wp-json\/wp\/v2\/posts\/20097\/revisions"}],"predecessor-version":[{"id":20099,"href":"https:\/\/blogdorogeriogomes.com.br\/noticias\/wp-json\/wp\/v2\/posts\/20097\/revisions\/20099"}],"wp:featuredmedia":[{"embeddable":true,"href":"https:\/\/blogdorogeriogomes.com.br\/noticias\/wp-json\/wp\/v2\/media\/20098"}],"wp:attachment":[{"href":"https:\/\/blogdorogeriogomes.com.br\/noticias\/wp-json\/wp\/v2\/media?parent=20097"}],"wp:term":[{"taxonomy":"category","embeddable":true,"href":"https:\/\/blogdorogeriogomes.com.br\/noticias\/wp-json\/wp\/v2\/categories?post=20097"},{"taxonomy":"post_tag","embeddable":true,"href":"https:\/\/blogdorogeriogomes.com.br\/noticias\/wp-json\/wp\/v2\/tags?post=20097"}],"curies":[{"name":"wp","href":"https:\/\/api.w.org\/{rel}","templated":true}]}}