{"id":20100,"date":"2021-02-11T18:28:28","date_gmt":"2021-02-11T18:28:28","guid":{"rendered":"https:\/\/blogdorogeriogomes.com.br\/?p=20100"},"modified":"2021-02-11T18:49:11","modified_gmt":"2021-02-11T18:49:11","slug":"assembleia-legislativa-do-ceara-aprova-prorrogacao-do-estado-de-calamidade-publica-ate-junho","status":"publish","type":"post","link":"https:\/\/blogdorogeriogomes.com.br\/noticias\/2021\/02\/assembleia-legislativa-do-ceara-aprova-prorrogacao-do-estado-de-calamidade-publica-ate-junho\/","title":{"rendered":"Assembleia Legislativa do Cear\u00e1 aprova prorroga\u00e7\u00e3o do estado de calamidade p\u00fablica at\u00e9 junho"},"content":{"rendered":"\n<p>Em vota\u00e7\u00e3o nesta quinta-feira, dia 11 de fevereiro, a Assembleia Legislativa do Cear\u00e1 aprovou a prorroga\u00e7\u00e3o do estado de calamidade p\u00fablica at\u00e9 o m\u00eas de junho de 2021. O projeto de autoria do governador Camilo Santana justifica que a a\u00e7\u00e3o \u00e9 necess\u00e1ria para combater os efeitos da crise sanit\u00e1ria decorrente da pandemia da Covid-19.<\/p>\n\n\n\n<p>O estado de calamidade p\u00fablica permite a flexibiliza\u00e7\u00e3o de gastos e a contrata\u00e7\u00e3o de parcerias sem licita\u00e7\u00e3o enquanto estiver vigente. A a\u00e7\u00e3o \u00e9 renovada desde abril de 2020, quando os primeiros casos come\u00e7aram a surgir em territ\u00f3rio cearense.<\/p>\n\n\n\n<p>A base governista no Parlamento defendeu mais investimentos na aquisi\u00e7\u00e3o de insumos e equipamentos para combater o novo coronav\u00edrus. O novo texto conta com uma emenda do deputado estadual Renato Roseno (Psol), que busca garantir transpar\u00eancia no processo de contrata\u00e7\u00f5es emergenciais. Com isso, o Governo do Cear\u00e1 precisa fornecer os dados das delibera\u00e7\u00f5es com pelo menos 15 dias de anteced\u00eancia.<\/p>\n\n\n\n<figure class=\"wp-block-image size-large\"><img loading=\"lazy\" decoding=\"async\" width=\"678\" height=\"452\" src=\"https:\/\/blogdorogeriogomes.com.br\/wp-content\/uploads\/2021\/02\/images-4-1.jpeg\" alt=\"\" class=\"wp-image-20101\" srcset=\"https:\/\/blogdorogeriogomes.com.br\/noticias\/wp-content\/uploads\/2021\/02\/images-4-1.jpeg 678w, https:\/\/blogdorogeriogomes.com.br\/noticias\/wp-content\/uploads\/2021\/02\/images-4-1-300x200.jpeg 300w\" sizes=\"auto, (max-width: 678px) 100vw, 678px\" \/><\/figure>\n","protected":false},"excerpt":{"rendered":"<p>Em vota\u00e7\u00e3o nesta quinta-feira, dia 11 de fevereiro, a Assembleia Legislativa do Cear\u00e1 aprovou a prorroga\u00e7\u00e3o do estado de calamidade p\u00fablica at\u00e9 o m\u00eas de junho de 2021. O projeto de autoria do governador Camilo Santana justifica que a a\u00e7\u00e3o \u00e9 necess\u00e1ria para combater os efeitos da crise sanit\u00e1ria decorrente da pandemia da Covid-19. O estado de calamidade p\u00fablica permite a flexibiliza\u00e7\u00e3o de gastos e a contrata\u00e7\u00e3o de parcerias sem licita\u00e7\u00e3o enquanto estiver vigente. A a\u00e7\u00e3o \u00e9 renovada desde&hellip;<\/p>\n","protected":false},"author":1,"featured_media":20101,"comment_status":"open","ping_status":"open","sticky":false,"template":"","format":"standard","meta":{"footnotes":""},"categories":[1],"tags":[],"class_list":["post-20100","post","type-post","status-publish","format-standard","has-post-thumbnail","hentry","category-noticias"],"_links":{"self":[{"href":"https:\/\/blogdorogeriogomes.com.br\/noticias\/wp-json\/wp\/v2\/posts\/20100","targetHints":{"allow":["GET"]}}],"collection":[{"href":"https:\/\/blogdorogeriogomes.com.br\/noticias\/wp-json\/wp\/v2\/posts"}],"about":[{"href":"https:\/\/blogdorogeriogomes.com.br\/noticias\/wp-json\/wp\/v2\/types\/post"}],"author":[{"embeddable":true,"href":"https:\/\/blogdorogeriogomes.com.br\/noticias\/wp-json\/wp\/v2\/users\/1"}],"replies":[{"embeddable":true,"href":"https:\/\/blogdorogeriogomes.com.br\/noticias\/wp-json\/wp\/v2\/comments?post=20100"}],"version-history":[{"count":1,"href":"https:\/\/blogdorogeriogomes.com.br\/noticias\/wp-json\/wp\/v2\/posts\/20100\/revisions"}],"predecessor-version":[{"id":20102,"href":"https:\/\/blogdorogeriogomes.com.br\/noticias\/wp-json\/wp\/v2\/posts\/20100\/revisions\/20102"}],"wp:featuredmedia":[{"embeddable":true,"href":"https:\/\/blogdorogeriogomes.com.br\/noticias\/wp-json\/wp\/v2\/media\/20101"}],"wp:attachment":[{"href":"https:\/\/blogdorogeriogomes.com.br\/noticias\/wp-json\/wp\/v2\/media?parent=20100"}],"wp:term":[{"taxonomy":"category","embeddable":true,"href":"https:\/\/blogdorogeriogomes.com.br\/noticias\/wp-json\/wp\/v2\/categories?post=20100"},{"taxonomy":"post_tag","embeddable":true,"href":"https:\/\/blogdorogeriogomes.com.br\/noticias\/wp-json\/wp\/v2\/tags?post=20100"}],"curies":[{"name":"wp","href":"https:\/\/api.w.org\/{rel}","templated":true}]}}