{"id":20105,"date":"2021-02-12T10:11:22","date_gmt":"2021-02-12T10:11:22","guid":{"rendered":"https:\/\/blogdorogeriogomes.com.br\/?p=20105"},"modified":"2021-02-15T18:27:05","modified_gmt":"2021-02-15T18:27:05","slug":"fiscalizacoes-ao-decreto-do-carnaval-tem-inicio-nesta-sexta-feira-em-todo-o-ceara","status":"publish","type":"post","link":"https:\/\/blogdorogeriogomes.com.br\/noticias\/2021\/02\/fiscalizacoes-ao-decreto-do-carnaval-tem-inicio-nesta-sexta-feira-em-todo-o-ceara\/","title":{"rendered":"Fiscaliza\u00e7\u00f5es ao Decreto do Carnaval t\u00eam in\u00edcio nesta sexta-feira em todo o Cear\u00e1"},"content":{"rendered":"\n<p>A Pol\u00edcia Militar, Pol\u00edcia Rodovi\u00e1ria Estadual e Vigil\u00e2ncia Sanit\u00e1ria do Estado iniciam um forte esquema de fiscaliza\u00e7\u00e3o em todo o Cear\u00e1, a partir desta sexta-feira, dia 12 de fevereiro, a fim de evitar as aglomera\u00e7\u00f5es. As festas carnavalescas est\u00e3o proibidas, segundo o decreto. Tamb\u00e9m est\u00e3o suspensas viagens intermunicipais, com exce\u00e7\u00e3o da Regi\u00e3o Metropolitana de Fortaleza. Ser\u00e3o montadas barreiras sanit\u00e1rias na entrada dos munic\u00edpios praianos e de fluxo tur\u00edstico. S\u00f3 entram moradores ou quem tenha hospedagem confirmada. 230 agentes da Pol\u00edcia Rodovi\u00e1ria Estadual v\u00e3o atuar nos acessos \u00e0s praias.<\/p>\n\n\n\n<p>Em Fortaleza, a fiscaliza\u00e7\u00e3o ser\u00e1 feita pela Ag\u00eancia de Fiscaliza\u00e7\u00e3o (Agefis), pela Guarda Municipal e pela Autarquia Municipal de Tr\u00e2nsito e Cidadania (AMC), que refor\u00e7am o monitoramento em locais onde, tradicionalmente, \u00e9 comemorado o Carnaval, como Pra\u00e7a da Gentil\u00e2ndia, Praia de Iracema, Largo da Mocinha e Praia do Futuro. As barracas de praia receber\u00e3o fiscaliza\u00e7\u00e3o especial no cumprimento do hor\u00e1rio limite de funcionamento, que \u00e9 15 horas.<\/p>\n\n\n\n<p>O prefeito de Fortaleza, Jos\u00e9 Sarto, voltou a alertar para o aumento nos atendimentos de pacientes com Covid-19 nas unidades de sa\u00fade. Ele ressaltou a necessidade de evitar as aglomera\u00e7\u00f5es. \u201cNo Carnaval, fique em casa, com sua fam\u00edlia. Vamos evitar aglomerar para que, depois, daqui a 14 ou 15 dias, a gente n\u00e3o venha a superlotar a rede p\u00fablica de assist\u00eancia familiar\u201d, alertou Sarto.&nbsp;<\/p>\n\n\n\n<figure class=\"wp-block-image size-large\"><img loading=\"lazy\" decoding=\"async\" width=\"1024\" height=\"576\" src=\"https:\/\/blogdorogeriogomes.com.br\/wp-content\/uploads\/2021\/02\/fiscalizacao-fortaleza-1024x576.jpeg\" alt=\"\" class=\"wp-image-20106\" srcset=\"https:\/\/blogdorogeriogomes.com.br\/noticias\/wp-content\/uploads\/2021\/02\/fiscalizacao-fortaleza-1024x576.jpeg 1024w, https:\/\/blogdorogeriogomes.com.br\/noticias\/wp-content\/uploads\/2021\/02\/fiscalizacao-fortaleza-300x169.jpeg 300w, https:\/\/blogdorogeriogomes.com.br\/noticias\/wp-content\/uploads\/2021\/02\/fiscalizacao-fortaleza-768x432.jpeg 768w, https:\/\/blogdorogeriogomes.com.br\/noticias\/wp-content\/uploads\/2021\/02\/fiscalizacao-fortaleza-800x450.jpeg 800w, https:\/\/blogdorogeriogomes.com.br\/noticias\/wp-content\/uploads\/2021\/02\/fiscalizacao-fortaleza.jpeg 1080w\" sizes=\"auto, (max-width: 1024px) 100vw, 1024px\" \/><\/figure>\n\n\n\n<p><\/p>\n","protected":false},"excerpt":{"rendered":"<p>A Pol\u00edcia Militar, Pol\u00edcia Rodovi\u00e1ria Estadual e Vigil\u00e2ncia Sanit\u00e1ria do Estado iniciam um forte esquema de fiscaliza\u00e7\u00e3o em todo o Cear\u00e1, a partir desta sexta-feira, dia 12 de fevereiro, a fim de evitar as aglomera\u00e7\u00f5es. As festas carnavalescas est\u00e3o proibidas, segundo o decreto. Tamb\u00e9m est\u00e3o suspensas viagens intermunicipais, com exce\u00e7\u00e3o da Regi\u00e3o Metropolitana de Fortaleza. Ser\u00e3o montadas barreiras sanit\u00e1rias na entrada dos munic\u00edpios praianos e de fluxo tur\u00edstico. S\u00f3 entram moradores ou quem tenha hospedagem confirmada. 230 agentes da&hellip;<\/p>\n","protected":false},"author":1,"featured_media":20106,"comment_status":"open","ping_status":"open","sticky":false,"template":"","format":"standard","meta":{"footnotes":""},"categories":[1],"tags":[],"class_list":["post-20105","post","type-post","status-publish","format-standard","has-post-thumbnail","hentry","category-noticias"],"_links":{"self":[{"href":"https:\/\/blogdorogeriogomes.com.br\/noticias\/wp-json\/wp\/v2\/posts\/20105","targetHints":{"allow":["GET"]}}],"collection":[{"href":"https:\/\/blogdorogeriogomes.com.br\/noticias\/wp-json\/wp\/v2\/posts"}],"about":[{"href":"https:\/\/blogdorogeriogomes.com.br\/noticias\/wp-json\/wp\/v2\/types\/post"}],"author":[{"embeddable":true,"href":"https:\/\/blogdorogeriogomes.com.br\/noticias\/wp-json\/wp\/v2\/users\/1"}],"replies":[{"embeddable":true,"href":"https:\/\/blogdorogeriogomes.com.br\/noticias\/wp-json\/wp\/v2\/comments?post=20105"}],"version-history":[{"count":2,"href":"https:\/\/blogdorogeriogomes.com.br\/noticias\/wp-json\/wp\/v2\/posts\/20105\/revisions"}],"predecessor-version":[{"id":20135,"href":"https:\/\/blogdorogeriogomes.com.br\/noticias\/wp-json\/wp\/v2\/posts\/20105\/revisions\/20135"}],"wp:featuredmedia":[{"embeddable":true,"href":"https:\/\/blogdorogeriogomes.com.br\/noticias\/wp-json\/wp\/v2\/media\/20106"}],"wp:attachment":[{"href":"https:\/\/blogdorogeriogomes.com.br\/noticias\/wp-json\/wp\/v2\/media?parent=20105"}],"wp:term":[{"taxonomy":"category","embeddable":true,"href":"https:\/\/blogdorogeriogomes.com.br\/noticias\/wp-json\/wp\/v2\/categories?post=20105"},{"taxonomy":"post_tag","embeddable":true,"href":"https:\/\/blogdorogeriogomes.com.br\/noticias\/wp-json\/wp\/v2\/tags?post=20105"}],"curies":[{"name":"wp","href":"https:\/\/api.w.org\/{rel}","templated":true}]}}