{"id":20108,"date":"2021-02-12T10:37:14","date_gmt":"2021-02-12T10:37:14","guid":{"rendered":"https:\/\/blogdorogeriogomes.com.br\/?p=20108"},"modified":"2021-02-15T18:26:42","modified_gmt":"2021-02-15T18:26:42","slug":"brasil-enfrenta-lentidao-no-fornecimento-de-vacinas-contra-a-covid-19-estados-reclamam-do-ministerio-da-saude-enquanto-bolsonaro-ainda-fala-em-cloroquina","status":"publish","type":"post","link":"https:\/\/blogdorogeriogomes.com.br\/noticias\/2021\/02\/brasil-enfrenta-lentidao-no-fornecimento-de-vacinas-contra-a-covid-19-estados-reclamam-do-ministerio-da-saude-enquanto-bolsonaro-ainda-fala-em-cloroquina\/","title":{"rendered":"Brasil enfrenta lentid\u00e3o no fornecimento de vacinas contra a Covid-19. Estados reclamam do Minist\u00e9rio da Sa\u00fade, enquanto Bolsonaro ainda fala em cloroquina"},"content":{"rendered":"\n<p>\u00c9 incr\u00edvel, mas \u00e9 verdade. Estados reclamam junto ao Governo Federal sobre a lentid\u00e3o do Minist\u00e9rio da Sa\u00fade no fornecimento de vacinas contra a Covid-19 pela simples falta de planejamento do Governo Federal. Deixaram para a \u00faltima hora e agora enfrentam fila no mercado internacional pelo imunizante. Enquanto isso, o presidente Jair Bolsonaro, em sua tradicional live nesta quinta-feira, dia 11 de fevereiro, continuou defendendo o uso da ineficaz Cloroquina como tratamento para a Covid-19. Tudo isso, no momento que o Pa\u00eds enfrenta 1.452 mortes nas \u00faltimas 24 horas. &#8220;N\u00e3o adianta ficar em casa chorando, n\u00e3o vai chegar a lugar nenhum&#8221;, foi o alento do presidente \u00e0 popula\u00e7\u00e3o. Para piorar, ainda voltou a defender o fim das medidas de isolamento social, na medida que hospitais p\u00fablicos e privados voltaram a ficar lotados em todo o Pa\u00eds.<\/p>\n\n\n\n<p>Se o relatado acima j\u00e1 n\u00e3o fosse tr\u00e1gico o suficiente, Governo Federal e Congresso &#8220;batem cabe\u00e7a&#8221; na defini\u00e7\u00e3o do novo aux\u00edlio emergencial para as pessoas atingidas pela pandemia e que seguem desempregados. Bolsonaro diz que o benef\u00edcio pode voltar em mar\u00e7o, mas n\u00e3o espec\u00edfica valor, nem n\u00famero de beneficiados. A equipe econ\u00f4mica fala em tr\u00eas parcelas de R$ 200. O certo \u00e9 que o valor e o n\u00famero de contemplados ser\u00e3o bem abaixo do que no ano passado, durante a primeira onda da Covid-19.<\/p>\n\n\n\n<figure class=\"wp-block-image size-large\"><img loading=\"lazy\" decoding=\"async\" width=\"540\" height=\"304\" src=\"https:\/\/blogdorogeriogomes.com.br\/wp-content\/uploads\/2021\/02\/chegada-vacina.jpg\" alt=\"\" class=\"wp-image-20109\" srcset=\"https:\/\/blogdorogeriogomes.com.br\/noticias\/wp-content\/uploads\/2021\/02\/chegada-vacina.jpg 540w, https:\/\/blogdorogeriogomes.com.br\/noticias\/wp-content\/uploads\/2021\/02\/chegada-vacina-300x169.jpg 300w\" sizes=\"auto, (max-width: 540px) 100vw, 540px\" \/><\/figure>\n","protected":false},"excerpt":{"rendered":"<p>\u00c9 incr\u00edvel, mas \u00e9 verdade. Estados reclamam junto ao Governo Federal sobre a lentid\u00e3o do Minist\u00e9rio da Sa\u00fade no fornecimento de vacinas contra a Covid-19 pela simples falta de planejamento do Governo Federal. Deixaram para a \u00faltima hora e agora enfrentam fila no mercado internacional pelo imunizante. Enquanto isso, o presidente Jair Bolsonaro, em sua tradicional live nesta quinta-feira, dia 11 de fevereiro, continuou defendendo o uso da ineficaz Cloroquina como tratamento para a Covid-19. Tudo isso, no momento&hellip;<\/p>\n","protected":false},"author":1,"featured_media":20109,"comment_status":"open","ping_status":"open","sticky":false,"template":"","format":"standard","meta":{"footnotes":""},"categories":[1],"tags":[],"class_list":["post-20108","post","type-post","status-publish","format-standard","has-post-thumbnail","hentry","category-noticias"],"_links":{"self":[{"href":"https:\/\/blogdorogeriogomes.com.br\/noticias\/wp-json\/wp\/v2\/posts\/20108","targetHints":{"allow":["GET"]}}],"collection":[{"href":"https:\/\/blogdorogeriogomes.com.br\/noticias\/wp-json\/wp\/v2\/posts"}],"about":[{"href":"https:\/\/blogdorogeriogomes.com.br\/noticias\/wp-json\/wp\/v2\/types\/post"}],"author":[{"embeddable":true,"href":"https:\/\/blogdorogeriogomes.com.br\/noticias\/wp-json\/wp\/v2\/users\/1"}],"replies":[{"embeddable":true,"href":"https:\/\/blogdorogeriogomes.com.br\/noticias\/wp-json\/wp\/v2\/comments?post=20108"}],"version-history":[{"count":1,"href":"https:\/\/blogdorogeriogomes.com.br\/noticias\/wp-json\/wp\/v2\/posts\/20108\/revisions"}],"predecessor-version":[{"id":20110,"href":"https:\/\/blogdorogeriogomes.com.br\/noticias\/wp-json\/wp\/v2\/posts\/20108\/revisions\/20110"}],"wp:featuredmedia":[{"embeddable":true,"href":"https:\/\/blogdorogeriogomes.com.br\/noticias\/wp-json\/wp\/v2\/media\/20109"}],"wp:attachment":[{"href":"https:\/\/blogdorogeriogomes.com.br\/noticias\/wp-json\/wp\/v2\/media?parent=20108"}],"wp:term":[{"taxonomy":"category","embeddable":true,"href":"https:\/\/blogdorogeriogomes.com.br\/noticias\/wp-json\/wp\/v2\/categories?post=20108"},{"taxonomy":"post_tag","embeddable":true,"href":"https:\/\/blogdorogeriogomes.com.br\/noticias\/wp-json\/wp\/v2\/tags?post=20108"}],"curies":[{"name":"wp","href":"https:\/\/api.w.org\/{rel}","templated":true}]}}