{"id":20111,"date":"2021-02-12T20:13:15","date_gmt":"2021-02-12T20:13:15","guid":{"rendered":"https:\/\/blogdorogeriogomes.com.br\/?p=20111"},"modified":"2021-02-15T18:26:18","modified_gmt":"2021-02-15T18:26:18","slug":"fortaleza-ainda-tem-mais-de-60-mil-idosos-cadastrados-e-a-espera-da-vacinacao-contra-a-covid-19","status":"publish","type":"post","link":"https:\/\/blogdorogeriogomes.com.br\/noticias\/2021\/02\/fortaleza-ainda-tem-mais-de-60-mil-idosos-cadastrados-e-a-espera-da-vacinacao-contra-a-covid-19\/","title":{"rendered":"Fortaleza ainda tem mais de 60 mil idosos cadastrados e a espera da vacina\u00e7\u00e3o contra a Covid-19"},"content":{"rendered":"\n<p>Cerca 60.805 idosos com mais de 75 anos est\u00e3o cadastrados pela Secretaria de Sa\u00fade de Fortaleza e aguardam para ser vacinados contra a Covid-19. No entanto, a Prefeitura disp\u00f5e no momento de apenas 6.017 doses de vacina destinadas a esse p\u00fablico. Assim, o total dispon\u00edvel \u00e9 suficiente para vacinar apenas 9,89% das pessoas com 75 anos ou mais cadastradas na plataforma Vacine J\u00e1. A expectativa \u00e9 pela chegada de novos lotes da vacina para que os idosos cadastrados possam ser imunizados tanto no sistema drive thru, como no atendimento domiciliar. A Capital recebeu 25.460 doses da vacina Fiocruz\/AstraZeneca destinada aos idosos.<\/p>\n\n\n\n<p>Enquanto isso, o Minist\u00e9rio P\u00fablico Estadual investiga cerca de 100 den\u00fancias de fura-fila na vacina em todo o Cear\u00e1. H\u00e1 procedimentos em Fortaleza e outras 26 cidades da Regi\u00e3o Metropolitana e do interior cearense. Furar a fila da vacina contra a Covid-19 em rela\u00e7\u00e3o ao grupo priorit\u00e1rio \u00e9 considerado crime e pode resultar em multa e pris\u00e3o.<\/p>\n\n\n\n<figure class=\"wp-block-image size-large\"><img loading=\"lazy\" decoding=\"async\" width=\"984\" height=\"741\" src=\"https:\/\/blogdorogeriogomes.com.br\/wp-content\/uploads\/2021\/02\/vacinacao-1.jpeg\" alt=\"\" class=\"wp-image-20112\" srcset=\"https:\/\/blogdorogeriogomes.com.br\/noticias\/wp-content\/uploads\/2021\/02\/vacinacao-1.jpeg 984w, https:\/\/blogdorogeriogomes.com.br\/noticias\/wp-content\/uploads\/2021\/02\/vacinacao-1-300x226.jpeg 300w, https:\/\/blogdorogeriogomes.com.br\/noticias\/wp-content\/uploads\/2021\/02\/vacinacao-1-768x578.jpeg 768w, https:\/\/blogdorogeriogomes.com.br\/noticias\/wp-content\/uploads\/2021\/02\/vacinacao-1-800x602.jpeg 800w, https:\/\/blogdorogeriogomes.com.br\/noticias\/wp-content\/uploads\/2021\/02\/vacinacao-1-400x300.jpeg 400w\" sizes=\"auto, (max-width: 984px) 100vw, 984px\" \/><\/figure>\n","protected":false},"excerpt":{"rendered":"<p>Cerca 60.805 idosos com mais de 75 anos est\u00e3o cadastrados pela Secretaria de Sa\u00fade de Fortaleza e aguardam para ser vacinados contra a Covid-19. No entanto, a Prefeitura disp\u00f5e no momento de apenas 6.017 doses de vacina destinadas a esse p\u00fablico. Assim, o total dispon\u00edvel \u00e9 suficiente para vacinar apenas 9,89% das pessoas com 75 anos ou mais cadastradas na plataforma Vacine J\u00e1. A expectativa \u00e9 pela chegada de novos lotes da vacina para que os idosos cadastrados possam&hellip;<\/p>\n","protected":false},"author":1,"featured_media":20112,"comment_status":"open","ping_status":"open","sticky":false,"template":"","format":"standard","meta":{"footnotes":""},"categories":[1],"tags":[],"class_list":["post-20111","post","type-post","status-publish","format-standard","has-post-thumbnail","hentry","category-noticias"],"_links":{"self":[{"href":"https:\/\/blogdorogeriogomes.com.br\/noticias\/wp-json\/wp\/v2\/posts\/20111","targetHints":{"allow":["GET"]}}],"collection":[{"href":"https:\/\/blogdorogeriogomes.com.br\/noticias\/wp-json\/wp\/v2\/posts"}],"about":[{"href":"https:\/\/blogdorogeriogomes.com.br\/noticias\/wp-json\/wp\/v2\/types\/post"}],"author":[{"embeddable":true,"href":"https:\/\/blogdorogeriogomes.com.br\/noticias\/wp-json\/wp\/v2\/users\/1"}],"replies":[{"embeddable":true,"href":"https:\/\/blogdorogeriogomes.com.br\/noticias\/wp-json\/wp\/v2\/comments?post=20111"}],"version-history":[{"count":1,"href":"https:\/\/blogdorogeriogomes.com.br\/noticias\/wp-json\/wp\/v2\/posts\/20111\/revisions"}],"predecessor-version":[{"id":20113,"href":"https:\/\/blogdorogeriogomes.com.br\/noticias\/wp-json\/wp\/v2\/posts\/20111\/revisions\/20113"}],"wp:featuredmedia":[{"embeddable":true,"href":"https:\/\/blogdorogeriogomes.com.br\/noticias\/wp-json\/wp\/v2\/media\/20112"}],"wp:attachment":[{"href":"https:\/\/blogdorogeriogomes.com.br\/noticias\/wp-json\/wp\/v2\/media?parent=20111"}],"wp:term":[{"taxonomy":"category","embeddable":true,"href":"https:\/\/blogdorogeriogomes.com.br\/noticias\/wp-json\/wp\/v2\/categories?post=20111"},{"taxonomy":"post_tag","embeddable":true,"href":"https:\/\/blogdorogeriogomes.com.br\/noticias\/wp-json\/wp\/v2\/tags?post=20111"}],"curies":[{"name":"wp","href":"https:\/\/api.w.org\/{rel}","templated":true}]}}