{"id":20114,"date":"2021-02-12T23:11:34","date_gmt":"2021-02-12T23:11:34","guid":{"rendered":"https:\/\/blogdorogeriogomes.com.br\/?p=20114"},"modified":"2021-02-15T18:25:55","modified_gmt":"2021-02-15T18:25:55","slug":"governadores-pressionam-em-reuniao-os-presidentes-da-camara-e-do-senado-pelo-retorno-do-auxilio-emergencial","status":"publish","type":"post","link":"https:\/\/blogdorogeriogomes.com.br\/noticias\/2021\/02\/governadores-pressionam-em-reuniao-os-presidentes-da-camara-e-do-senado-pelo-retorno-do-auxilio-emergencial\/","title":{"rendered":"Governadores pressionam em reuni\u00e3o os presidentes da C\u00e2mara e do Senado pelo retorno do aux\u00edlio emergencial"},"content":{"rendered":"\n<p>Governadores de todo o Pa\u00eds, entre eles, o do Cear\u00e1, Camilo Santana, se reuniram de forma remota, nesta sexta-feira, dia 12 de fevereiro, com os novos presidentes da C\u00e2mara dos Deputados e do Senado, deputado Arthur Lira e o senador Rodrigo Pacheco. Na pauta da reuni\u00e3o, a acelera\u00e7\u00e3o da aquisi\u00e7\u00e3o de&nbsp;vacinas para a distribui\u00e7\u00e3o aos estados e o financiamento da sa\u00fade para o enfrentamento \u00e0 Covid-19.&nbsp;Desde dezembro passado, os estados deixaram de receber recursos suplementares do Governo Federal para o combate \u00e0 pandemia. Isso tem influenciado principalmente na habilita\u00e7\u00e3o pelo SUS de novos leitos de UTI.<\/p>\n\n\n\n<p>Outra grande preocupa\u00e7\u00e3o dos governadores \u00e9 a reativa\u00e7\u00e3o do pagamento do aux\u00edlio emergencial. &#8220;A atua\u00e7\u00e3o do Congresso Nacional \u00e9 fundamental na defesa dessas e de outras pautas para superarmos esse momento de dificuldade&#8221;, afirmou o governador Camilo Santana.&nbsp;<\/p>\n\n\n\n<figure class=\"wp-block-image size-large\"><img loading=\"lazy\" decoding=\"async\" width=\"750\" height=\"500\" src=\"https:\/\/blogdorogeriogomes.com.br\/wp-content\/uploads\/2021\/02\/1_eucwl_uxcaeil9l-14883494.jpg\" alt=\"\" class=\"wp-image-20115\" srcset=\"https:\/\/blogdorogeriogomes.com.br\/noticias\/wp-content\/uploads\/2021\/02\/1_eucwl_uxcaeil9l-14883494.jpg 750w, https:\/\/blogdorogeriogomes.com.br\/noticias\/wp-content\/uploads\/2021\/02\/1_eucwl_uxcaeil9l-14883494-300x200.jpg 300w\" sizes=\"auto, (max-width: 750px) 100vw, 750px\" \/><\/figure>\n\n\n\n<p><\/p>\n","protected":false},"excerpt":{"rendered":"<p>Governadores de todo o Pa\u00eds, entre eles, o do Cear\u00e1, Camilo Santana, se reuniram de forma remota, nesta sexta-feira, dia 12 de fevereiro, com os novos presidentes da C\u00e2mara dos Deputados e do Senado, deputado Arthur Lira e o senador Rodrigo Pacheco. Na pauta da reuni\u00e3o, a acelera\u00e7\u00e3o da aquisi\u00e7\u00e3o de&nbsp;vacinas para a distribui\u00e7\u00e3o aos estados e o financiamento da sa\u00fade para o enfrentamento \u00e0 Covid-19.&nbsp;Desde dezembro passado, os estados deixaram de receber recursos suplementares do Governo Federal para&hellip;<\/p>\n","protected":false},"author":1,"featured_media":20115,"comment_status":"open","ping_status":"open","sticky":false,"template":"","format":"standard","meta":{"footnotes":""},"categories":[1],"tags":[],"class_list":["post-20114","post","type-post","status-publish","format-standard","has-post-thumbnail","hentry","category-noticias"],"_links":{"self":[{"href":"https:\/\/blogdorogeriogomes.com.br\/noticias\/wp-json\/wp\/v2\/posts\/20114","targetHints":{"allow":["GET"]}}],"collection":[{"href":"https:\/\/blogdorogeriogomes.com.br\/noticias\/wp-json\/wp\/v2\/posts"}],"about":[{"href":"https:\/\/blogdorogeriogomes.com.br\/noticias\/wp-json\/wp\/v2\/types\/post"}],"author":[{"embeddable":true,"href":"https:\/\/blogdorogeriogomes.com.br\/noticias\/wp-json\/wp\/v2\/users\/1"}],"replies":[{"embeddable":true,"href":"https:\/\/blogdorogeriogomes.com.br\/noticias\/wp-json\/wp\/v2\/comments?post=20114"}],"version-history":[{"count":2,"href":"https:\/\/blogdorogeriogomes.com.br\/noticias\/wp-json\/wp\/v2\/posts\/20114\/revisions"}],"predecessor-version":[{"id":20134,"href":"https:\/\/blogdorogeriogomes.com.br\/noticias\/wp-json\/wp\/v2\/posts\/20114\/revisions\/20134"}],"wp:featuredmedia":[{"embeddable":true,"href":"https:\/\/blogdorogeriogomes.com.br\/noticias\/wp-json\/wp\/v2\/media\/20115"}],"wp:attachment":[{"href":"https:\/\/blogdorogeriogomes.com.br\/noticias\/wp-json\/wp\/v2\/media?parent=20114"}],"wp:term":[{"taxonomy":"category","embeddable":true,"href":"https:\/\/blogdorogeriogomes.com.br\/noticias\/wp-json\/wp\/v2\/categories?post=20114"},{"taxonomy":"post_tag","embeddable":true,"href":"https:\/\/blogdorogeriogomes.com.br\/noticias\/wp-json\/wp\/v2\/tags?post=20114"}],"curies":[{"name":"wp","href":"https:\/\/api.w.org\/{rel}","templated":true}]}}