{"id":20117,"date":"2021-02-13T11:26:49","date_gmt":"2021-02-13T11:26:49","guid":{"rendered":"https:\/\/blogdorogeriogomes.com.br\/?p=20117"},"modified":"2021-02-15T18:25:39","modified_gmt":"2021-02-15T18:25:39","slug":"bolsonaro-inicia-mudancas-no-ministerio-aliado-de-acm-neto-e-o-primeiro-contemplado-no-cidadania","status":"publish","type":"post","link":"https:\/\/blogdorogeriogomes.com.br\/noticias\/2021\/02\/bolsonaro-inicia-mudancas-no-ministerio-aliado-de-acm-neto-e-o-primeiro-contemplado-no-cidadania\/","title":{"rendered":"Bolsonaro inicia mudan\u00e7as no Minist\u00e9rio. Aliado de ACM Neto \u00e9 o primeiro contemplado no Cidadania"},"content":{"rendered":"\n<p>O presidente Jair Bolsonaro inicia a troca de ministros para contemplar os interesses do Centr\u00e3o. A primeira pasta a ter mudan\u00e7as foi o Minist\u00e9rio da Cidadania, respons\u00e1vel pelo Programa Bolsa Fam\u00edlia. O deputado federal Onyx Lorenzoni (DEM-RS) foi transferido, nesta sexta-feira, dia 12 de fevereiro, pelo Governo Federal para a Secretaria-Geral da Presid\u00eancia da Rep\u00fablica. No comando do Minist\u00e9rio da Cidadania vai ficar o deputado federal Jo\u00e3o Roma (Republicanos-BA), que foi chefe de gabinete de ACM Neto na Prefeitura de Salvador. \u00c9 aliado direto do presidente nacional do DEM.<\/p>\n\n\n\n<p>A nomea\u00e7\u00e3o mostra a proximidade de ACM Neto com o Governo Bolsonaro. Para o ex-presidente da C\u00e2mara dos Deputados, Rodrigo Maia, que tamb\u00e9m \u00e9 do DEM, mas deve pedir desfilia\u00e7\u00e3o, o presidente do DEM, ACM Neto entregou o partido &#8220;numa bandeja ao Pal\u00e1cio do Planalto&#8221;. Maia se sentiu tra\u00eddo por ACM na disputa pela Presid\u00eancia da C\u00e2mara. <\/p>\n\n\n\n<figure class=\"wp-block-image size-large\"><img loading=\"lazy\" decoding=\"async\" width=\"450\" height=\"337\" src=\"https:\/\/blogdorogeriogomes.com.br\/wp-content\/uploads\/2021\/02\/deputado-joao-roma-prb-ba-relator-da-reforma-tributaria-na-ccj-1557936557858_v2_450x337.jpg\" alt=\"\" class=\"wp-image-20118\" srcset=\"https:\/\/blogdorogeriogomes.com.br\/noticias\/wp-content\/uploads\/2021\/02\/deputado-joao-roma-prb-ba-relator-da-reforma-tributaria-na-ccj-1557936557858_v2_450x337.jpg 450w, https:\/\/blogdorogeriogomes.com.br\/noticias\/wp-content\/uploads\/2021\/02\/deputado-joao-roma-prb-ba-relator-da-reforma-tributaria-na-ccj-1557936557858_v2_450x337-300x225.jpg 300w, https:\/\/blogdorogeriogomes.com.br\/noticias\/wp-content\/uploads\/2021\/02\/deputado-joao-roma-prb-ba-relator-da-reforma-tributaria-na-ccj-1557936557858_v2_450x337-400x300.jpg 400w\" sizes=\"auto, (max-width: 450px) 100vw, 450px\" \/><\/figure>\n","protected":false},"excerpt":{"rendered":"<p>O presidente Jair Bolsonaro inicia a troca de ministros para contemplar os interesses do Centr\u00e3o. A primeira pasta a ter mudan\u00e7as foi o Minist\u00e9rio da Cidadania, respons\u00e1vel pelo Programa Bolsa Fam\u00edlia. O deputado federal Onyx Lorenzoni (DEM-RS) foi transferido, nesta sexta-feira, dia 12 de fevereiro, pelo Governo Federal para a Secretaria-Geral da Presid\u00eancia da Rep\u00fablica. No comando do Minist\u00e9rio da Cidadania vai ficar o deputado federal Jo\u00e3o Roma (Republicanos-BA), que foi chefe de gabinete de ACM Neto na Prefeitura&hellip;<\/p>\n","protected":false},"author":1,"featured_media":20118,"comment_status":"open","ping_status":"open","sticky":false,"template":"","format":"standard","meta":{"footnotes":""},"categories":[1],"tags":[],"class_list":["post-20117","post","type-post","status-publish","format-standard","has-post-thumbnail","hentry","category-noticias"],"_links":{"self":[{"href":"https:\/\/blogdorogeriogomes.com.br\/noticias\/wp-json\/wp\/v2\/posts\/20117","targetHints":{"allow":["GET"]}}],"collection":[{"href":"https:\/\/blogdorogeriogomes.com.br\/noticias\/wp-json\/wp\/v2\/posts"}],"about":[{"href":"https:\/\/blogdorogeriogomes.com.br\/noticias\/wp-json\/wp\/v2\/types\/post"}],"author":[{"embeddable":true,"href":"https:\/\/blogdorogeriogomes.com.br\/noticias\/wp-json\/wp\/v2\/users\/1"}],"replies":[{"embeddable":true,"href":"https:\/\/blogdorogeriogomes.com.br\/noticias\/wp-json\/wp\/v2\/comments?post=20117"}],"version-history":[{"count":1,"href":"https:\/\/blogdorogeriogomes.com.br\/noticias\/wp-json\/wp\/v2\/posts\/20117\/revisions"}],"predecessor-version":[{"id":20119,"href":"https:\/\/blogdorogeriogomes.com.br\/noticias\/wp-json\/wp\/v2\/posts\/20117\/revisions\/20119"}],"wp:featuredmedia":[{"embeddable":true,"href":"https:\/\/blogdorogeriogomes.com.br\/noticias\/wp-json\/wp\/v2\/media\/20118"}],"wp:attachment":[{"href":"https:\/\/blogdorogeriogomes.com.br\/noticias\/wp-json\/wp\/v2\/media?parent=20117"}],"wp:term":[{"taxonomy":"category","embeddable":true,"href":"https:\/\/blogdorogeriogomes.com.br\/noticias\/wp-json\/wp\/v2\/categories?post=20117"},{"taxonomy":"post_tag","embeddable":true,"href":"https:\/\/blogdorogeriogomes.com.br\/noticias\/wp-json\/wp\/v2\/tags?post=20117"}],"curies":[{"name":"wp","href":"https:\/\/api.w.org\/{rel}","templated":true}]}}