{"id":20120,"date":"2021-02-13T11:51:11","date_gmt":"2021-02-13T11:51:11","guid":{"rendered":"https:\/\/blogdorogeriogomes.com.br\/?p=20120"},"modified":"2021-02-15T18:25:20","modified_gmt":"2021-02-15T18:25:20","slug":"tcu-da-prazo-de-15-dias-para-o-exercito-e-o-governo-federal-explicarem-a-distribuicao-de-cloroquina-por-todo-o-pais","status":"publish","type":"post","link":"https:\/\/blogdorogeriogomes.com.br\/noticias\/2021\/02\/tcu-da-prazo-de-15-dias-para-o-exercito-e-o-governo-federal-explicarem-a-distribuicao-de-cloroquina-por-todo-o-pais\/","title":{"rendered":"TCU d\u00e1 prazo de 15 dias para o Ex\u00e9rcito e o Governo Federal explicarem a distribui\u00e7\u00e3o de cloroquina por todo o Pa\u00eds"},"content":{"rendered":"\n<p>As investiga\u00e7\u00f5es sobre a distribui\u00e7\u00e3o e orienta\u00e7\u00e3o do Minist\u00e9rio da Sa\u00fade para o uso da Cloroquina como tratamento precoce da Covid-19 em unidades p\u00fablicas de sa\u00fade pelo Pa\u00eds avan\u00e7am. O Tribunal de Contas da Uni\u00e3o (TCU) deu prazo de 15 dias ao Minist\u00e9rio da Sa\u00fade e ao Ex\u00e9rcito para explicar a produ\u00e7\u00e3o e distribui\u00e7\u00e3o de Cloroquina, j\u00e1 comprovadamente sem efic\u00e1cia contra a Covid-19, mas distribu\u00edda em larga escala em postos de sa\u00fade e hospitais p\u00fablicos de todo o Pa\u00eds.<\/p>\n\n\n\n<p>O ministro do TCU, Benjamin Zymler, \u00e9 o relator dos processos sobre a atua\u00e7\u00e3o do Minist\u00e9rio da Sa\u00fade no combate \u00e0 pandemia do novo coronav\u00edrus. <\/p>\n\n\n\n<p>A Cloroquina \u00e9 divulgada pelos bolsonaristas como a &#8220;f\u00f3rmula m\u00e1gica&#8221; para o tratamento precoce da Covid-19, o que j\u00e1 foi desmentido por cientistas de todo o mundo. O Minist\u00e9rio da Sa\u00fade pode ser incriminado por utilizar a Fiocruz (Funda\u00e7\u00e3o Oswaldo Cruz) para a produ\u00e7\u00e3o de quatro milh\u00f5es de comprimidos da Cloroquina com o emprego de dinheiro p\u00fablico emergencial &nbsp;voltado a a\u00e7\u00f5es contra a Covid-19.<\/p>\n\n\n\n<p>Diante das investiga\u00e7\u00f5es, o presidente Jair Bolsonaro e o ministro da Sa\u00fade, Eduardo Pazuello, agora tentam mudar o discurso com o argumento de que n\u00e3o recomendaram o uso do medicamento.<\/p>\n\n\n\n<figure class=\"wp-block-image size-large\"><img loading=\"lazy\" decoding=\"async\" width=\"678\" height=\"452\" src=\"https:\/\/blogdorogeriogomes.com.br\/wp-content\/uploads\/2021\/02\/images-6.jpeg\" alt=\"\" class=\"wp-image-20121\" srcset=\"https:\/\/blogdorogeriogomes.com.br\/noticias\/wp-content\/uploads\/2021\/02\/images-6.jpeg 678w, https:\/\/blogdorogeriogomes.com.br\/noticias\/wp-content\/uploads\/2021\/02\/images-6-300x200.jpeg 300w\" sizes=\"auto, (max-width: 678px) 100vw, 678px\" \/><\/figure>\n","protected":false},"excerpt":{"rendered":"<p>As investiga\u00e7\u00f5es sobre a distribui\u00e7\u00e3o e orienta\u00e7\u00e3o do Minist\u00e9rio da Sa\u00fade para o uso da Cloroquina como tratamento precoce da Covid-19 em unidades p\u00fablicas de sa\u00fade pelo Pa\u00eds avan\u00e7am. O Tribunal de Contas da Uni\u00e3o (TCU) deu prazo de 15 dias ao Minist\u00e9rio da Sa\u00fade e ao Ex\u00e9rcito para explicar a produ\u00e7\u00e3o e distribui\u00e7\u00e3o de Cloroquina, j\u00e1 comprovadamente sem efic\u00e1cia contra a Covid-19, mas distribu\u00edda em larga escala em postos de sa\u00fade e hospitais p\u00fablicos de todo o Pa\u00eds.&hellip;<\/p>\n","protected":false},"author":1,"featured_media":20121,"comment_status":"open","ping_status":"open","sticky":false,"template":"","format":"standard","meta":{"footnotes":""},"categories":[1],"tags":[],"class_list":["post-20120","post","type-post","status-publish","format-standard","has-post-thumbnail","hentry","category-noticias"],"_links":{"self":[{"href":"https:\/\/blogdorogeriogomes.com.br\/noticias\/wp-json\/wp\/v2\/posts\/20120","targetHints":{"allow":["GET"]}}],"collection":[{"href":"https:\/\/blogdorogeriogomes.com.br\/noticias\/wp-json\/wp\/v2\/posts"}],"about":[{"href":"https:\/\/blogdorogeriogomes.com.br\/noticias\/wp-json\/wp\/v2\/types\/post"}],"author":[{"embeddable":true,"href":"https:\/\/blogdorogeriogomes.com.br\/noticias\/wp-json\/wp\/v2\/users\/1"}],"replies":[{"embeddable":true,"href":"https:\/\/blogdorogeriogomes.com.br\/noticias\/wp-json\/wp\/v2\/comments?post=20120"}],"version-history":[{"count":2,"href":"https:\/\/blogdorogeriogomes.com.br\/noticias\/wp-json\/wp\/v2\/posts\/20120\/revisions"}],"predecessor-version":[{"id":20133,"href":"https:\/\/blogdorogeriogomes.com.br\/noticias\/wp-json\/wp\/v2\/posts\/20120\/revisions\/20133"}],"wp:featuredmedia":[{"embeddable":true,"href":"https:\/\/blogdorogeriogomes.com.br\/noticias\/wp-json\/wp\/v2\/media\/20121"}],"wp:attachment":[{"href":"https:\/\/blogdorogeriogomes.com.br\/noticias\/wp-json\/wp\/v2\/media?parent=20120"}],"wp:term":[{"taxonomy":"category","embeddable":true,"href":"https:\/\/blogdorogeriogomes.com.br\/noticias\/wp-json\/wp\/v2\/categories?post=20120"},{"taxonomy":"post_tag","embeddable":true,"href":"https:\/\/blogdorogeriogomes.com.br\/noticias\/wp-json\/wp\/v2\/tags?post=20120"}],"curies":[{"name":"wp","href":"https:\/\/api.w.org\/{rel}","templated":true}]}}