{"id":20123,"date":"2021-02-15T10:38:03","date_gmt":"2021-02-15T10:38:03","guid":{"rendered":"https:\/\/blogdorogeriogomes.com.br\/?p=20123"},"modified":"2021-02-15T18:24:47","modified_gmt":"2021-02-15T18:24:47","slug":"camilo-conversa-com-pazuello-e-acerta-envio-de-novo-lote-de-vacinas-e-credenciamento-de-novos-leitos-de-uti-para-o-ceara","status":"publish","type":"post","link":"https:\/\/blogdorogeriogomes.com.br\/noticias\/2021\/02\/camilo-conversa-com-pazuello-e-acerta-envio-de-novo-lote-de-vacinas-e-credenciamento-de-novos-leitos-de-uti-para-o-ceara\/","title":{"rendered":"Camilo conversa com Pazuello e acerta envio de novo lote de vacinas e credenciamento de novos leitos de UTI para o Cear\u00e1"},"content":{"rendered":"\n<p>Em conversa com o ministro da Sa\u00fade, Eduardo Pazuello, neste domingo, dia 14 de fevereiro, o governador do Cear\u00e1, Camilo Santana, acertou o envio ao Estado do quinto lote de vacinas contra a Covid-19 em um prazo de oito dias. Outro ponto tratado com o ministro foi o credenciamento de novos leitos de UTI nas unidades de sa\u00fade do Cear\u00e1, diante do aumento de casos do coronav\u00edrus por dois meses seguidos. O Cear\u00e1 tem hoje 394.906 casos confirmados e 10.834 mortes causadas pela pandemia. <\/p>\n\n\n\n<p>O Governo do Estado investe no aumento dos leitos de UTI para tratamento da Covid-19. A rede estadual iniciou 2021 com 327 leitos e, agora, conta com 491 leitos. \u201cAt\u00e9 o final de fevereiro vamos chegar a 703 leitos de UTI exclusivos para esse tipo de atendimento em Fortaleza\u201d, explicou Camilo Santana.<\/p>\n\n\n\n<figure class=\"wp-block-image size-large\"><img loading=\"lazy\" decoding=\"async\" width=\"1024\" height=\"576\" src=\"https:\/\/blogdorogeriogomes.com.br\/wp-content\/uploads\/2021\/02\/doses-novas-1024x576.jpg\" alt=\"\" class=\"wp-image-20124\" srcset=\"https:\/\/blogdorogeriogomes.com.br\/noticias\/wp-content\/uploads\/2021\/02\/doses-novas-1024x576.jpg 1024w, https:\/\/blogdorogeriogomes.com.br\/noticias\/wp-content\/uploads\/2021\/02\/doses-novas-300x169.jpg 300w, https:\/\/blogdorogeriogomes.com.br\/noticias\/wp-content\/uploads\/2021\/02\/doses-novas-768x432.jpg 768w, https:\/\/blogdorogeriogomes.com.br\/noticias\/wp-content\/uploads\/2021\/02\/doses-novas-800x450.jpg 800w, https:\/\/blogdorogeriogomes.com.br\/noticias\/wp-content\/uploads\/2021\/02\/doses-novas.jpg 1080w\" sizes=\"auto, (max-width: 1024px) 100vw, 1024px\" \/><\/figure>\n\n\n\n<p><\/p>\n\n\n\n<p><\/p>\n\n\n\n<p><\/p>\n\n\n\n<p><\/p>\n\n\n\n<p><\/p>\n","protected":false},"excerpt":{"rendered":"<p>Em conversa com o ministro da Sa\u00fade, Eduardo Pazuello, neste domingo, dia 14 de fevereiro, o governador do Cear\u00e1, Camilo Santana, acertou o envio ao Estado do quinto lote de vacinas contra a Covid-19 em um prazo de oito dias. Outro ponto tratado com o ministro foi o credenciamento de novos leitos de UTI nas unidades de sa\u00fade do Cear\u00e1, diante do aumento de casos do coronav\u00edrus por dois meses seguidos. O Cear\u00e1 tem hoje 394.906 casos confirmados e&hellip;<\/p>\n","protected":false},"author":1,"featured_media":20124,"comment_status":"open","ping_status":"open","sticky":false,"template":"","format":"standard","meta":{"footnotes":""},"categories":[1],"tags":[],"class_list":["post-20123","post","type-post","status-publish","format-standard","has-post-thumbnail","hentry","category-noticias"],"_links":{"self":[{"href":"https:\/\/blogdorogeriogomes.com.br\/noticias\/wp-json\/wp\/v2\/posts\/20123","targetHints":{"allow":["GET"]}}],"collection":[{"href":"https:\/\/blogdorogeriogomes.com.br\/noticias\/wp-json\/wp\/v2\/posts"}],"about":[{"href":"https:\/\/blogdorogeriogomes.com.br\/noticias\/wp-json\/wp\/v2\/types\/post"}],"author":[{"embeddable":true,"href":"https:\/\/blogdorogeriogomes.com.br\/noticias\/wp-json\/wp\/v2\/users\/1"}],"replies":[{"embeddable":true,"href":"https:\/\/blogdorogeriogomes.com.br\/noticias\/wp-json\/wp\/v2\/comments?post=20123"}],"version-history":[{"count":1,"href":"https:\/\/blogdorogeriogomes.com.br\/noticias\/wp-json\/wp\/v2\/posts\/20123\/revisions"}],"predecessor-version":[{"id":20125,"href":"https:\/\/blogdorogeriogomes.com.br\/noticias\/wp-json\/wp\/v2\/posts\/20123\/revisions\/20125"}],"wp:featuredmedia":[{"embeddable":true,"href":"https:\/\/blogdorogeriogomes.com.br\/noticias\/wp-json\/wp\/v2\/media\/20124"}],"wp:attachment":[{"href":"https:\/\/blogdorogeriogomes.com.br\/noticias\/wp-json\/wp\/v2\/media?parent=20123"}],"wp:term":[{"taxonomy":"category","embeddable":true,"href":"https:\/\/blogdorogeriogomes.com.br\/noticias\/wp-json\/wp\/v2\/categories?post=20123"},{"taxonomy":"post_tag","embeddable":true,"href":"https:\/\/blogdorogeriogomes.com.br\/noticias\/wp-json\/wp\/v2\/tags?post=20123"}],"curies":[{"name":"wp","href":"https:\/\/api.w.org\/{rel}","templated":true}]}}