{"id":20129,"date":"2021-02-15T17:45:04","date_gmt":"2021-02-15T17:45:04","guid":{"rendered":"https:\/\/blogdorogeriogomes.com.br\/?p=20129"},"modified":"2021-02-15T18:23:41","modified_gmt":"2021-02-15T18:23:41","slug":"pandemia-e-reducao-da-violencia-sao-temas-de-reuniao-de-camilo-santana-com-o-secretariado-estadual","status":"publish","type":"post","link":"https:\/\/blogdorogeriogomes.com.br\/noticias\/2021\/02\/pandemia-e-reducao-da-violencia-sao-temas-de-reuniao-de-camilo-santana-com-o-secretariado-estadual\/","title":{"rendered":"Pandemia e redu\u00e7\u00e3o da viol\u00eancia s\u00e3o temas de reuni\u00e3o de Camilo Santana com o secretariado estadual"},"content":{"rendered":"\n<p>O governador Camilo Santana reuniu nesta segunda-feira, dia 15 de fevereiro, os secret\u00e1rios de Estado para avaliar as a\u00e7\u00f5es em andamento e definir as prioridades para este ano no Cear\u00e1. Entre as principais metas da gest\u00e3o para 2021 est\u00e3o a supera\u00e7\u00e3o da pandemia, com a amplia\u00e7\u00e3o do atendimento e a vacina\u00e7\u00e3o; o retorno seguro \u00e0s aulas presenciais; o acolhimento social das fam\u00edlias mais vulner\u00e1veis; a redu\u00e7\u00e3o dos \u00edndices de viol\u00eancia e o fortalecimento da economia, com mais investimentos e a gera\u00e7\u00e3o de novos empregos.<\/p>\n\n\n\n<p>Na quest\u00e3o da seguran\u00e7a p\u00fablica, o Governo refor\u00e7ou o compromisso de seguir investindo em equipamentos e pessoal para a redu\u00e7\u00e3o dos \u00edndices de viol\u00eancia em todo o Estado. O Cear\u00e1 foi destaque negativo no combate \u00e0 viol\u00eancia em 2020, com o maior aumento da viol\u00eancia no ano passado em rela\u00e7\u00e3o a 2019, conforme dados do Monitor da Viol\u00eancia. O n\u00famero de mortes violentas no Cear\u00e1 passou de 2.235 em 2019 para 4.039 em 2020.<\/p>\n\n\n\n<figure class=\"wp-block-image size-large\"><img loading=\"lazy\" decoding=\"async\" width=\"1024\" height=\"684\" src=\"https:\/\/blogdorogeriogomes.com.br\/wp-content\/uploads\/2021\/02\/210215_REUNIAO-SECRETARIADO_CGM7110-1200x802-1-1024x684.jpg\" alt=\"\" class=\"wp-image-20130\" srcset=\"https:\/\/blogdorogeriogomes.com.br\/noticias\/wp-content\/uploads\/2021\/02\/210215_REUNIAO-SECRETARIADO_CGM7110-1200x802-1-1024x684.jpg 1024w, https:\/\/blogdorogeriogomes.com.br\/noticias\/wp-content\/uploads\/2021\/02\/210215_REUNIAO-SECRETARIADO_CGM7110-1200x802-1-300x201.jpg 300w, https:\/\/blogdorogeriogomes.com.br\/noticias\/wp-content\/uploads\/2021\/02\/210215_REUNIAO-SECRETARIADO_CGM7110-1200x802-1-768x513.jpg 768w, https:\/\/blogdorogeriogomes.com.br\/noticias\/wp-content\/uploads\/2021\/02\/210215_REUNIAO-SECRETARIADO_CGM7110-1200x802-1-800x535.jpg 800w, https:\/\/blogdorogeriogomes.com.br\/noticias\/wp-content\/uploads\/2021\/02\/210215_REUNIAO-SECRETARIADO_CGM7110-1200x802-1.jpg 1200w\" sizes=\"auto, (max-width: 1024px) 100vw, 1024px\" \/><\/figure>\n","protected":false},"excerpt":{"rendered":"<p>O governador Camilo Santana reuniu nesta segunda-feira, dia 15 de fevereiro, os secret\u00e1rios de Estado para avaliar as a\u00e7\u00f5es em andamento e definir as prioridades para este ano no Cear\u00e1. Entre as principais metas da gest\u00e3o para 2021 est\u00e3o a supera\u00e7\u00e3o da pandemia, com a amplia\u00e7\u00e3o do atendimento e a vacina\u00e7\u00e3o; o retorno seguro \u00e0s aulas presenciais; o acolhimento social das fam\u00edlias mais vulner\u00e1veis; a redu\u00e7\u00e3o dos \u00edndices de viol\u00eancia e o fortalecimento da economia, com mais investimentos e&hellip;<\/p>\n","protected":false},"author":1,"featured_media":20130,"comment_status":"open","ping_status":"open","sticky":false,"template":"","format":"standard","meta":{"footnotes":""},"categories":[1],"tags":[],"class_list":["post-20129","post","type-post","status-publish","format-standard","has-post-thumbnail","hentry","category-noticias"],"_links":{"self":[{"href":"https:\/\/blogdorogeriogomes.com.br\/noticias\/wp-json\/wp\/v2\/posts\/20129","targetHints":{"allow":["GET"]}}],"collection":[{"href":"https:\/\/blogdorogeriogomes.com.br\/noticias\/wp-json\/wp\/v2\/posts"}],"about":[{"href":"https:\/\/blogdorogeriogomes.com.br\/noticias\/wp-json\/wp\/v2\/types\/post"}],"author":[{"embeddable":true,"href":"https:\/\/blogdorogeriogomes.com.br\/noticias\/wp-json\/wp\/v2\/users\/1"}],"replies":[{"embeddable":true,"href":"https:\/\/blogdorogeriogomes.com.br\/noticias\/wp-json\/wp\/v2\/comments?post=20129"}],"version-history":[{"count":1,"href":"https:\/\/blogdorogeriogomes.com.br\/noticias\/wp-json\/wp\/v2\/posts\/20129\/revisions"}],"predecessor-version":[{"id":20131,"href":"https:\/\/blogdorogeriogomes.com.br\/noticias\/wp-json\/wp\/v2\/posts\/20129\/revisions\/20131"}],"wp:featuredmedia":[{"embeddable":true,"href":"https:\/\/blogdorogeriogomes.com.br\/noticias\/wp-json\/wp\/v2\/media\/20130"}],"wp:attachment":[{"href":"https:\/\/blogdorogeriogomes.com.br\/noticias\/wp-json\/wp\/v2\/media?parent=20129"}],"wp:term":[{"taxonomy":"category","embeddable":true,"href":"https:\/\/blogdorogeriogomes.com.br\/noticias\/wp-json\/wp\/v2\/categories?post=20129"},{"taxonomy":"post_tag","embeddable":true,"href":"https:\/\/blogdorogeriogomes.com.br\/noticias\/wp-json\/wp\/v2\/tags?post=20129"}],"curies":[{"name":"wp","href":"https:\/\/api.w.org\/{rel}","templated":true}]}}