{"id":20132,"date":"2021-02-15T18:27:20","date_gmt":"2021-02-15T18:27:20","guid":{"rendered":"https:\/\/blogdorogeriogomes.com.br\/?p=20132"},"modified":"2021-02-15T18:28:14","modified_gmt":"2021-02-15T18:28:14","slug":"decreto-de-armas-editado-por-bolsonaro-pode-mais-uma-vez-ir-parar-no-stf","status":"publish","type":"post","link":"https:\/\/blogdorogeriogomes.com.br\/noticias\/2021\/02\/decreto-de-armas-editado-por-bolsonaro-pode-mais-uma-vez-ir-parar-no-stf\/","title":{"rendered":"Decreto de armas editado por Bolsonaro pode mais uma vez ir parar no STF"},"content":{"rendered":"\n<p>O decreto de facilita\u00e7\u00e3o do acesso a armas de fogo no Pa\u00eds, editado pelo presidente Jair Bolsonaro, j\u00e1 causa pol\u00eamica no Congresso. E a desaven\u00e7a j\u00e1 envolve o atual presidente da C\u00e2mara dos Deputados, Arthur Lira, e o seu vice Marcelo Ramos, que criticou a decis\u00e3o de Bolsonaro em ampliar o acesso a armas no Brasil por meio de mais quatro decretos. Ramos \u00e9 do Centr\u00e3o, que vem dando sustenta\u00e7\u00e3o pol\u00edtica ao presidente no Congresso.<\/p>\n\n\n\n<p>&#8220;O presidente acha que seu mundo extremo representa o pa\u00eds. O povo n\u00e3o quer armas. A popula\u00e7\u00e3o anseia pelas vacinas&#8221;, escreveu Marcelo Ramos, em sua conta no Twitter. Ele n\u00e3o descarta que o decreto venha a ser questionado no Supremo Tribunal Federal (STF). O presidente da C\u00e2mara, Arthur Lira, diz que n\u00e3o v\u00ea invas\u00e3o de Bolsonaro na compet\u00eancia do Legislativo ao editar decretos que flexibilizam o uso e a compra de armas de fogo no pa\u00eds, mas considera que a pauta priorit\u00e1ria da C\u00e2mara, no momento, deve ser o fornecimento de vacinas contra a Covid-19.<\/p>\n\n\n\n<p>Pelo novo decreto, o Governo Federal passa a permitir o porte simult\u00e2neo de duas armas. O direito ao porte significa poder circular com a arma.<\/p>\n\n\n\n<figure class=\"wp-block-image size-large\"><img loading=\"lazy\" decoding=\"async\" width=\"739\" height=\"415\" src=\"https:\/\/blogdorogeriogomes.com.br\/wp-content\/uploads\/2021\/02\/images-7-1.jpeg\" alt=\"\" class=\"wp-image-20136\" srcset=\"https:\/\/blogdorogeriogomes.com.br\/noticias\/wp-content\/uploads\/2021\/02\/images-7-1.jpeg 739w, https:\/\/blogdorogeriogomes.com.br\/noticias\/wp-content\/uploads\/2021\/02\/images-7-1-300x168.jpeg 300w\" sizes=\"auto, (max-width: 739px) 100vw, 739px\" \/><\/figure>\n","protected":false},"excerpt":{"rendered":"<p>O decreto de facilita\u00e7\u00e3o do acesso a armas de fogo no Pa\u00eds, editado pelo presidente Jair Bolsonaro, j\u00e1 causa pol\u00eamica no Congresso. E a desaven\u00e7a j\u00e1 envolve o atual presidente da C\u00e2mara dos Deputados, Arthur Lira, e o seu vice Marcelo Ramos, que criticou a decis\u00e3o de Bolsonaro em ampliar o acesso a armas no Brasil por meio de mais quatro decretos. Ramos \u00e9 do Centr\u00e3o, que vem dando sustenta\u00e7\u00e3o pol\u00edtica ao presidente no Congresso. &#8220;O presidente acha que&hellip;<\/p>\n","protected":false},"author":1,"featured_media":20136,"comment_status":"open","ping_status":"open","sticky":false,"template":"","format":"standard","meta":{"footnotes":""},"categories":[1],"tags":[],"class_list":["post-20132","post","type-post","status-publish","format-standard","has-post-thumbnail","hentry","category-noticias"],"_links":{"self":[{"href":"https:\/\/blogdorogeriogomes.com.br\/noticias\/wp-json\/wp\/v2\/posts\/20132","targetHints":{"allow":["GET"]}}],"collection":[{"href":"https:\/\/blogdorogeriogomes.com.br\/noticias\/wp-json\/wp\/v2\/posts"}],"about":[{"href":"https:\/\/blogdorogeriogomes.com.br\/noticias\/wp-json\/wp\/v2\/types\/post"}],"author":[{"embeddable":true,"href":"https:\/\/blogdorogeriogomes.com.br\/noticias\/wp-json\/wp\/v2\/users\/1"}],"replies":[{"embeddable":true,"href":"https:\/\/blogdorogeriogomes.com.br\/noticias\/wp-json\/wp\/v2\/comments?post=20132"}],"version-history":[{"count":1,"href":"https:\/\/blogdorogeriogomes.com.br\/noticias\/wp-json\/wp\/v2\/posts\/20132\/revisions"}],"predecessor-version":[{"id":20137,"href":"https:\/\/blogdorogeriogomes.com.br\/noticias\/wp-json\/wp\/v2\/posts\/20132\/revisions\/20137"}],"wp:featuredmedia":[{"embeddable":true,"href":"https:\/\/blogdorogeriogomes.com.br\/noticias\/wp-json\/wp\/v2\/media\/20136"}],"wp:attachment":[{"href":"https:\/\/blogdorogeriogomes.com.br\/noticias\/wp-json\/wp\/v2\/media?parent=20132"}],"wp:term":[{"taxonomy":"category","embeddable":true,"href":"https:\/\/blogdorogeriogomes.com.br\/noticias\/wp-json\/wp\/v2\/categories?post=20132"},{"taxonomy":"post_tag","embeddable":true,"href":"https:\/\/blogdorogeriogomes.com.br\/noticias\/wp-json\/wp\/v2\/tags?post=20132"}],"curies":[{"name":"wp","href":"https:\/\/api.w.org\/{rel}","templated":true}]}}