{"id":20142,"date":"2021-02-16T10:42:26","date_gmt":"2021-02-16T10:42:26","guid":{"rendered":"https:\/\/blogdorogeriogomes.com.br\/?p=20142"},"modified":"2021-02-16T14:50:06","modified_gmt":"2021-02-16T14:50:06","slug":"hospital-leonardo-da-vinci-em-fortaleza-habilita-novos-leitos-de-uti-e-enfermeira-para-pacientes-com-a-covid-19","status":"publish","type":"post","link":"https:\/\/blogdorogeriogomes.com.br\/noticias\/2021\/02\/hospital-leonardo-da-vinci-em-fortaleza-habilita-novos-leitos-de-uti-e-enfermeira-para-pacientes-com-a-covid-19\/","title":{"rendered":"Hospital Leonardo da Vinci, em Fortaleza, habilita novos leitos de UTI e enfermeira para pacientes com a Covid-19"},"content":{"rendered":"\n<p>O Governo do Cear\u00e1 confirma o in\u00edcio do funcionamento, nesta ter\u00e7a-feira, dia 16 de fevereiro, de mais 33 leitos de Unidade de Terapia Intensiva (UTI) e 85 de enfermaria para pacientes com a Covid-19. O hospital \u00e9 refer\u00eancia na Capital no combate \u00e0 pandemia do coronav\u00edrus. A instala\u00e7\u00e3o de mais leitos se deve ao aumento de casos no Cear\u00e1. No total, a rede estadual de sa\u00fade deve chegar a 703 leitos de UTI para Covid-19 at\u00e9 o fim deste m\u00eas de fevereiro.<\/p>\n\n\n\n<p>A ocupa\u00e7\u00e3o dos leitos de UTI em Fortaleza voltados para pacientes adultos com Covid-19 chegou a 97,1% nesta segunda-feira, dia 15.<\/p>\n\n\n\n<p>A situa\u00e7\u00e3o \u00e9 preocupante em todo o Cear\u00e1. 107 dos 184 munic\u00edpios cearenses apresentaram n\u00edveis de alerta \u201calto\u201d ou \u201calt\u00edssimo\u201d para transmiss\u00e3o do coronav\u00edrus.<\/p>\n\n\n\n<figure class=\"wp-block-image size-large\"><img loading=\"lazy\" decoding=\"async\" width=\"678\" height=\"452\" src=\"https:\/\/blogdorogeriogomes.com.br\/wp-content\/uploads\/2021\/02\/images-9-1.jpeg\" alt=\"\" class=\"wp-image-20143\" srcset=\"https:\/\/blogdorogeriogomes.com.br\/noticias\/wp-content\/uploads\/2021\/02\/images-9-1.jpeg 678w, https:\/\/blogdorogeriogomes.com.br\/noticias\/wp-content\/uploads\/2021\/02\/images-9-1-300x200.jpeg 300w\" sizes=\"auto, (max-width: 678px) 100vw, 678px\" \/><\/figure>\n","protected":false},"excerpt":{"rendered":"<p>O Governo do Cear\u00e1 confirma o in\u00edcio do funcionamento, nesta ter\u00e7a-feira, dia 16 de fevereiro, de mais 33 leitos de Unidade de Terapia Intensiva (UTI) e 85 de enfermaria para pacientes com a Covid-19. O hospital \u00e9 refer\u00eancia na Capital no combate \u00e0 pandemia do coronav\u00edrus. A instala\u00e7\u00e3o de mais leitos se deve ao aumento de casos no Cear\u00e1. No total, a rede estadual de sa\u00fade deve chegar a 703 leitos de UTI para Covid-19 at\u00e9 o fim deste&hellip;<\/p>\n","protected":false},"author":1,"featured_media":20143,"comment_status":"open","ping_status":"open","sticky":false,"template":"","format":"standard","meta":{"footnotes":""},"categories":[1],"tags":[],"class_list":["post-20142","post","type-post","status-publish","format-standard","has-post-thumbnail","hentry","category-noticias"],"_links":{"self":[{"href":"https:\/\/blogdorogeriogomes.com.br\/noticias\/wp-json\/wp\/v2\/posts\/20142","targetHints":{"allow":["GET"]}}],"collection":[{"href":"https:\/\/blogdorogeriogomes.com.br\/noticias\/wp-json\/wp\/v2\/posts"}],"about":[{"href":"https:\/\/blogdorogeriogomes.com.br\/noticias\/wp-json\/wp\/v2\/types\/post"}],"author":[{"embeddable":true,"href":"https:\/\/blogdorogeriogomes.com.br\/noticias\/wp-json\/wp\/v2\/users\/1"}],"replies":[{"embeddable":true,"href":"https:\/\/blogdorogeriogomes.com.br\/noticias\/wp-json\/wp\/v2\/comments?post=20142"}],"version-history":[{"count":1,"href":"https:\/\/blogdorogeriogomes.com.br\/noticias\/wp-json\/wp\/v2\/posts\/20142\/revisions"}],"predecessor-version":[{"id":20144,"href":"https:\/\/blogdorogeriogomes.com.br\/noticias\/wp-json\/wp\/v2\/posts\/20142\/revisions\/20144"}],"wp:featuredmedia":[{"embeddable":true,"href":"https:\/\/blogdorogeriogomes.com.br\/noticias\/wp-json\/wp\/v2\/media\/20143"}],"wp:attachment":[{"href":"https:\/\/blogdorogeriogomes.com.br\/noticias\/wp-json\/wp\/v2\/media?parent=20142"}],"wp:term":[{"taxonomy":"category","embeddable":true,"href":"https:\/\/blogdorogeriogomes.com.br\/noticias\/wp-json\/wp\/v2\/categories?post=20142"},{"taxonomy":"post_tag","embeddable":true,"href":"https:\/\/blogdorogeriogomes.com.br\/noticias\/wp-json\/wp\/v2\/tags?post=20142"}],"curies":[{"name":"wp","href":"https:\/\/api.w.org\/{rel}","templated":true}]}}