{"id":20145,"date":"2021-02-16T12:34:03","date_gmt":"2021-02-16T12:34:03","guid":{"rendered":"https:\/\/blogdorogeriogomes.com.br\/?p=20145"},"modified":"2021-02-16T14:49:46","modified_gmt":"2021-02-16T14:49:46","slug":"chuvas-fortes-no-interior-do-ceara-chegam-a-200-milimetros-neste-inicio-de-semana","status":"publish","type":"post","link":"https:\/\/blogdorogeriogomes.com.br\/noticias\/2021\/02\/chuvas-fortes-no-interior-do-ceara-chegam-a-200-milimetros-neste-inicio-de-semana\/","title":{"rendered":"Chuvas fortes no interior do Cear\u00e1 chegam a 200 mil\u00edmetros neste in\u00edcio de semana"},"content":{"rendered":"\n<p>A ter\u00e7a-feira, dia 16 de fevereiro, come\u00e7ou com fortes chuvas no interior do Cear\u00e1. De acordo com a Funceme, o munic\u00edpio de Crate\u00fas registrou a maior precipita\u00e7\u00e3o do ano com 200 mil\u00edmetros. Cidades do Cariri, Sert\u00e3o Central e Inhamuns registraram as maiores precipita\u00e7\u00f5es nas \u00faltimas 24 horas.<\/p>\n\n\n\n<p>Foram registradas chuvas com mais de 100 mil\u00edmetros em v\u00e1rios munic\u00edpios cearenses. S\u00e3o os casos de Quiterian\u00f3polis (170mm), Jati (167mm), Abaiara (135mm) e Tau\u00e1 (130mm). As precipita\u00e7\u00f5es na primeira quinzena de fevereiro no Estado, no entanto, ainda est\u00e3o 71% abaixo do esperado.<\/p>\n\n\n\n<figure class=\"wp-block-image size-large\"><img loading=\"lazy\" decoding=\"async\" width=\"678\" height=\"452\" src=\"https:\/\/blogdorogeriogomes.com.br\/wp-content\/uploads\/2021\/02\/images-13-1.jpeg\" alt=\"\" class=\"wp-image-20146\" srcset=\"https:\/\/blogdorogeriogomes.com.br\/noticias\/wp-content\/uploads\/2021\/02\/images-13-1.jpeg 678w, https:\/\/blogdorogeriogomes.com.br\/noticias\/wp-content\/uploads\/2021\/02\/images-13-1-300x200.jpeg 300w\" sizes=\"auto, (max-width: 678px) 100vw, 678px\" \/><\/figure>\n","protected":false},"excerpt":{"rendered":"<p>A ter\u00e7a-feira, dia 16 de fevereiro, come\u00e7ou com fortes chuvas no interior do Cear\u00e1. De acordo com a Funceme, o munic\u00edpio de Crate\u00fas registrou a maior precipita\u00e7\u00e3o do ano com 200 mil\u00edmetros. Cidades do Cariri, Sert\u00e3o Central e Inhamuns registraram as maiores precipita\u00e7\u00f5es nas \u00faltimas 24 horas. Foram registradas chuvas com mais de 100 mil\u00edmetros em v\u00e1rios munic\u00edpios cearenses. S\u00e3o os casos de Quiterian\u00f3polis (170mm), Jati (167mm), Abaiara (135mm) e Tau\u00e1 (130mm). As precipita\u00e7\u00f5es na primeira quinzena de fevereiro&hellip;<\/p>\n","protected":false},"author":1,"featured_media":20146,"comment_status":"open","ping_status":"open","sticky":false,"template":"","format":"standard","meta":{"footnotes":""},"categories":[1],"tags":[],"class_list":["post-20145","post","type-post","status-publish","format-standard","has-post-thumbnail","hentry","category-noticias"],"_links":{"self":[{"href":"https:\/\/blogdorogeriogomes.com.br\/noticias\/wp-json\/wp\/v2\/posts\/20145","targetHints":{"allow":["GET"]}}],"collection":[{"href":"https:\/\/blogdorogeriogomes.com.br\/noticias\/wp-json\/wp\/v2\/posts"}],"about":[{"href":"https:\/\/blogdorogeriogomes.com.br\/noticias\/wp-json\/wp\/v2\/types\/post"}],"author":[{"embeddable":true,"href":"https:\/\/blogdorogeriogomes.com.br\/noticias\/wp-json\/wp\/v2\/users\/1"}],"replies":[{"embeddable":true,"href":"https:\/\/blogdorogeriogomes.com.br\/noticias\/wp-json\/wp\/v2\/comments?post=20145"}],"version-history":[{"count":1,"href":"https:\/\/blogdorogeriogomes.com.br\/noticias\/wp-json\/wp\/v2\/posts\/20145\/revisions"}],"predecessor-version":[{"id":20147,"href":"https:\/\/blogdorogeriogomes.com.br\/noticias\/wp-json\/wp\/v2\/posts\/20145\/revisions\/20147"}],"wp:featuredmedia":[{"embeddable":true,"href":"https:\/\/blogdorogeriogomes.com.br\/noticias\/wp-json\/wp\/v2\/media\/20146"}],"wp:attachment":[{"href":"https:\/\/blogdorogeriogomes.com.br\/noticias\/wp-json\/wp\/v2\/media?parent=20145"}],"wp:term":[{"taxonomy":"category","embeddable":true,"href":"https:\/\/blogdorogeriogomes.com.br\/noticias\/wp-json\/wp\/v2\/categories?post=20145"},{"taxonomy":"post_tag","embeddable":true,"href":"https:\/\/blogdorogeriogomes.com.br\/noticias\/wp-json\/wp\/v2\/tags?post=20145"}],"curies":[{"name":"wp","href":"https:\/\/api.w.org\/{rel}","templated":true}]}}