{"id":20148,"date":"2021-02-16T17:57:53","date_gmt":"2021-02-16T17:57:53","guid":{"rendered":"https:\/\/blogdorogeriogomes.com.br\/?p=20148"},"modified":"2021-02-18T20:49:03","modified_gmt":"2021-02-18T20:49:03","slug":"com-servidores-publicos-municipais-ameacando-greve-prefeitura-de-fortaleza-busca-discutir-reforma-da-previdencia-com-a-categoria","status":"publish","type":"post","link":"https:\/\/blogdorogeriogomes.com.br\/noticias\/2021\/02\/com-servidores-publicos-municipais-ameacando-greve-prefeitura-de-fortaleza-busca-discutir-reforma-da-previdencia-com-a-categoria\/","title":{"rendered":"Com servidores p\u00fablicos municipais amea\u00e7ando greve, Prefeitura de Fortaleza busca discutir reforma da Previd\u00eancia com a categoria"},"content":{"rendered":"\n<p>As medidas da reforma da Previd\u00eancia aprovadas pela C\u00e2mara Municipal geraram a rea\u00e7\u00e3o com amea\u00e7a de greve por parte dos servidores p\u00fablicos municipais. Diante do quadro de crise, a Prefeitura de Fortaleza marcou reuni\u00e3o para a pr\u00f3xima segunda-feira, dia 22 de fevereiro, com o objetivo de discutir as mudan\u00e7as envolvendo a categoria.<\/p>\n\n\n\n<p>Na semana passada, foram recebidos no Pa\u00e7o Municipal 17 representantes de entidades sindicais para o in\u00edcio de di\u00e1logo sobre a reforma.<\/p>\n\n\n\n<p>A coordena\u00e7\u00e3o da Frente Sindical das Entidades Representativas dos Servidores e Empregados P\u00fablicos Municipais de Fortaleza (Fersep\/For) defende que as propostas da gest\u00e3o do prefeito Sarto Nogueira (PDT) agravam a falta de reajuste aos trabalhadores inativos e atinge diretamente aposentado, pensionistas e ativos.<\/p>\n\n\n\n<p>Aprovada em 1\u00ba turno pelos vereadores da Capital, a proposta da Prefeitura de Fortaleza prev\u00ea, dentre outras quest\u00f5es, o aumento da al\u00edquota previdenci\u00e1ria de 11% para 14% e estabelece o fim do direito do pensionista de receber 70% do valor do sal\u00e1rio at\u00e9 que o processo de pens\u00e3o seja finalizado.<\/p>\n\n\n\n<figure class=\"wp-block-image size-large\"><img loading=\"lazy\" decoding=\"async\" width=\"783\" height=\"391\" src=\"https:\/\/blogdorogeriogomes.com.br\/wp-content\/uploads\/2021\/02\/images-14-1.jpeg\" alt=\"\" class=\"wp-image-20149\" srcset=\"https:\/\/blogdorogeriogomes.com.br\/noticias\/wp-content\/uploads\/2021\/02\/images-14-1.jpeg 783w, https:\/\/blogdorogeriogomes.com.br\/noticias\/wp-content\/uploads\/2021\/02\/images-14-1-300x150.jpeg 300w, https:\/\/blogdorogeriogomes.com.br\/noticias\/wp-content\/uploads\/2021\/02\/images-14-1-768x384.jpeg 768w\" sizes=\"auto, (max-width: 783px) 100vw, 783px\" \/><\/figure>\n","protected":false},"excerpt":{"rendered":"<p>As medidas da reforma da Previd\u00eancia aprovadas pela C\u00e2mara Municipal geraram a rea\u00e7\u00e3o com amea\u00e7a de greve por parte dos servidores p\u00fablicos municipais. Diante do quadro de crise, a Prefeitura de Fortaleza marcou reuni\u00e3o para a pr\u00f3xima segunda-feira, dia 22 de fevereiro, com o objetivo de discutir as mudan\u00e7as envolvendo a categoria. Na semana passada, foram recebidos no Pa\u00e7o Municipal 17 representantes de entidades sindicais para o in\u00edcio de di\u00e1logo sobre a reforma. A coordena\u00e7\u00e3o da Frente Sindical das&hellip;<\/p>\n","protected":false},"author":1,"featured_media":20149,"comment_status":"open","ping_status":"open","sticky":false,"template":"","format":"standard","meta":{"footnotes":""},"categories":[1],"tags":[],"class_list":["post-20148","post","type-post","status-publish","format-standard","has-post-thumbnail","hentry","category-noticias"],"_links":{"self":[{"href":"https:\/\/blogdorogeriogomes.com.br\/noticias\/wp-json\/wp\/v2\/posts\/20148","targetHints":{"allow":["GET"]}}],"collection":[{"href":"https:\/\/blogdorogeriogomes.com.br\/noticias\/wp-json\/wp\/v2\/posts"}],"about":[{"href":"https:\/\/blogdorogeriogomes.com.br\/noticias\/wp-json\/wp\/v2\/types\/post"}],"author":[{"embeddable":true,"href":"https:\/\/blogdorogeriogomes.com.br\/noticias\/wp-json\/wp\/v2\/users\/1"}],"replies":[{"embeddable":true,"href":"https:\/\/blogdorogeriogomes.com.br\/noticias\/wp-json\/wp\/v2\/comments?post=20148"}],"version-history":[{"count":1,"href":"https:\/\/blogdorogeriogomes.com.br\/noticias\/wp-json\/wp\/v2\/posts\/20148\/revisions"}],"predecessor-version":[{"id":20150,"href":"https:\/\/blogdorogeriogomes.com.br\/noticias\/wp-json\/wp\/v2\/posts\/20148\/revisions\/20150"}],"wp:featuredmedia":[{"embeddable":true,"href":"https:\/\/blogdorogeriogomes.com.br\/noticias\/wp-json\/wp\/v2\/media\/20149"}],"wp:attachment":[{"href":"https:\/\/blogdorogeriogomes.com.br\/noticias\/wp-json\/wp\/v2\/media?parent=20148"}],"wp:term":[{"taxonomy":"category","embeddable":true,"href":"https:\/\/blogdorogeriogomes.com.br\/noticias\/wp-json\/wp\/v2\/categories?post=20148"},{"taxonomy":"post_tag","embeddable":true,"href":"https:\/\/blogdorogeriogomes.com.br\/noticias\/wp-json\/wp\/v2\/tags?post=20148"}],"curies":[{"name":"wp","href":"https:\/\/api.w.org\/{rel}","templated":true}]}}