{"id":20154,"date":"2021-02-17T10:29:26","date_gmt":"2021-02-17T10:29:26","guid":{"rendered":"https:\/\/blogdorogeriogomes.com.br\/?p=20154"},"modified":"2021-02-18T20:48:41","modified_gmt":"2021-02-18T20:48:41","slug":"deputado-bolsonarista-passa-a-noite-na-prisao-apos-gravar-video-ofendendo-ministros-do-stf","status":"publish","type":"post","link":"https:\/\/blogdorogeriogomes.com.br\/noticias\/2021\/02\/deputado-bolsonarista-passa-a-noite-na-prisao-apos-gravar-video-ofendendo-ministros-do-stf\/","title":{"rendered":"Deputado bolsonarista passa a noite na pris\u00e3o ap\u00f3s gravar v\u00eddeo ofendendo ministros do STF"},"content":{"rendered":"\n<p>Em mais um ataque ao Supremo Tribunal Federal (STF), o deputado bolsonarista Daniel Silveira (PSL-RJ) se deu mal desta vez. Ap\u00f3s gravar um v\u00eddeo e publicar nas redes sociais atacando os ministros do STF, ele teve a pris\u00e3o por flagrante delito decretada pelo ministro Alexandre de Moraes. Silveira passou a madrugada desta quarta-feira, dia 17 de fevereiro, na pris\u00e3o.<\/p>\n\n\n\n<p>Alexandre de Moraes tamb\u00e9m determinou que o YouTube bloqueie a disponibiliza\u00e7\u00e3o do v\u00eddeo na plataforma, sob pena de multa di\u00e1ria de R$ 100 mil em caso de descumprimento.<\/p>\n\n\n\n<p>O presidente da C\u00e2mara dos Deputados, deputado Arthur Lira (PP-AL), ser\u00e1 notificado oficialmente sobre o caso para tomar &#8220;as provid\u00eancias que entender cab\u00edveis&#8221;. Arthur Lira pregou &#8220;serenidade&#8221; e disse ter consci\u00eancia de suas responsabilidades com o Legislativo e a democracia.<\/p>\n\n\n\n<p>Deputados de oposi\u00e7\u00e3o j\u00e1 se movimentam para pedir a cassa\u00e7\u00e3o do deputado bolsonarista na C\u00e2mara. Daniel Silveira foi o mesmo que quebrou uma placa da vereadora Marielle Franco, no Rio de Janeiro, ao lado do ex-governador Wilson Witzel e do deputado Rodrigo Amorim&nbsp;durante campanha eleitoral em 2018. &#8220;Quero ver quebrar plaquinha na cadeia&#8221;, disse a irm\u00e3 da vereadora, Anielle Franco, pelas redes sociais.<\/p>\n\n\n\n<figure class=\"wp-block-image size-large\"><img loading=\"lazy\" decoding=\"async\" width=\"1024\" height=\"576\" src=\"https:\/\/blogdorogeriogomes.com.br\/wp-content\/uploads\/2021\/02\/nova-silveira-1024x576.jpg\" alt=\"\" class=\"wp-image-20155\" srcset=\"https:\/\/blogdorogeriogomes.com.br\/noticias\/wp-content\/uploads\/2021\/02\/nova-silveira-1024x576.jpg 1024w, https:\/\/blogdorogeriogomes.com.br\/noticias\/wp-content\/uploads\/2021\/02\/nova-silveira-300x169.jpg 300w, https:\/\/blogdorogeriogomes.com.br\/noticias\/wp-content\/uploads\/2021\/02\/nova-silveira-768x432.jpg 768w, https:\/\/blogdorogeriogomes.com.br\/noticias\/wp-content\/uploads\/2021\/02\/nova-silveira-800x450.jpg 800w, https:\/\/blogdorogeriogomes.com.br\/noticias\/wp-content\/uploads\/2021\/02\/nova-silveira.jpg 1080w\" sizes=\"auto, (max-width: 1024px) 100vw, 1024px\" \/><\/figure>\n","protected":false},"excerpt":{"rendered":"<p>Em mais um ataque ao Supremo Tribunal Federal (STF), o deputado bolsonarista Daniel Silveira (PSL-RJ) se deu mal desta vez. Ap\u00f3s gravar um v\u00eddeo e publicar nas redes sociais atacando os ministros do STF, ele teve a pris\u00e3o por flagrante delito decretada pelo ministro Alexandre de Moraes. Silveira passou a madrugada desta quarta-feira, dia 17 de fevereiro, na pris\u00e3o. Alexandre de Moraes tamb\u00e9m determinou que o YouTube bloqueie a disponibiliza\u00e7\u00e3o do v\u00eddeo na plataforma, sob pena de multa di\u00e1ria&hellip;<\/p>\n","protected":false},"author":1,"featured_media":20155,"comment_status":"open","ping_status":"open","sticky":false,"template":"","format":"standard","meta":{"footnotes":""},"categories":[1],"tags":[],"class_list":["post-20154","post","type-post","status-publish","format-standard","has-post-thumbnail","hentry","category-noticias"],"_links":{"self":[{"href":"https:\/\/blogdorogeriogomes.com.br\/noticias\/wp-json\/wp\/v2\/posts\/20154","targetHints":{"allow":["GET"]}}],"collection":[{"href":"https:\/\/blogdorogeriogomes.com.br\/noticias\/wp-json\/wp\/v2\/posts"}],"about":[{"href":"https:\/\/blogdorogeriogomes.com.br\/noticias\/wp-json\/wp\/v2\/types\/post"}],"author":[{"embeddable":true,"href":"https:\/\/blogdorogeriogomes.com.br\/noticias\/wp-json\/wp\/v2\/users\/1"}],"replies":[{"embeddable":true,"href":"https:\/\/blogdorogeriogomes.com.br\/noticias\/wp-json\/wp\/v2\/comments?post=20154"}],"version-history":[{"count":2,"href":"https:\/\/blogdorogeriogomes.com.br\/noticias\/wp-json\/wp\/v2\/posts\/20154\/revisions"}],"predecessor-version":[{"id":20185,"href":"https:\/\/blogdorogeriogomes.com.br\/noticias\/wp-json\/wp\/v2\/posts\/20154\/revisions\/20185"}],"wp:featuredmedia":[{"embeddable":true,"href":"https:\/\/blogdorogeriogomes.com.br\/noticias\/wp-json\/wp\/v2\/media\/20155"}],"wp:attachment":[{"href":"https:\/\/blogdorogeriogomes.com.br\/noticias\/wp-json\/wp\/v2\/media?parent=20154"}],"wp:term":[{"taxonomy":"category","embeddable":true,"href":"https:\/\/blogdorogeriogomes.com.br\/noticias\/wp-json\/wp\/v2\/categories?post=20154"},{"taxonomy":"post_tag","embeddable":true,"href":"https:\/\/blogdorogeriogomes.com.br\/noticias\/wp-json\/wp\/v2\/tags?post=20154"}],"curies":[{"name":"wp","href":"https:\/\/api.w.org\/{rel}","templated":true}]}}