{"id":20157,"date":"2021-02-17T10:40:28","date_gmt":"2021-02-17T10:40:28","guid":{"rendered":"https:\/\/blogdorogeriogomes.com.br\/?p=20157"},"modified":"2021-02-18T20:48:31","modified_gmt":"2021-02-18T20:48:31","slug":"camilo-santana-desmente-boato-de-lockdown-e-anuncia-medida-de-incentivo-ao-setor-de-eventos","status":"publish","type":"post","link":"https:\/\/blogdorogeriogomes.com.br\/noticias\/2021\/02\/camilo-santana-desmente-boato-de-lockdown-e-anuncia-medida-de-incentivo-ao-setor-de-eventos\/","title":{"rendered":"Camilo Santana desmente boato de lockdown e anuncia medida de incentivo ao setor de eventos"},"content":{"rendered":"\n<p>Depois de desmentir boatos de lockdown no Cear\u00e1, a partir desta semana, o governador do Cear\u00e1, Camilo Santana anunciou, nesta ter\u00e7a-feira, dia 16 de fevereiro, medidas de incentivo ao setor de eventos, um dos mais prejudicados financeiramente pelo impacto da pandemia da Covid-19.<\/p>\n\n\n\n<p>As medidas s\u00e3o as seguintes:<\/p>\n\n\n\n<p>1) Aux\u00edlio financeiro do Governo do Cear\u00e1 para os profissionais do Setor de Eventos no valor de R$ 1.000, divididos em duas parcelas de R$ 500, mediante cadastro e crit\u00e9rios da Secretaria da Cultura (Secult).<\/p>\n\n\n\n<p>2) Lan\u00e7amento de um Edital no valor de R$ 4 milh\u00f5es para eventos corporativos virtuais, voltadas para a produ\u00e7\u00e3o de feiras, semin\u00e1rios, congressos, simp\u00f3sios, exposi\u00e7\u00f5es e cong\u00eaneres.<\/p>\n\n\n\n<p>3) Isen\u00e7\u00e3o do IPVA 2021 para ve\u00edculos registrados em nome de empresas de eventos, e para at\u00e9 um carro que esteja no nome de profissionais aut\u00f4nomos ou microempreendedores individuais (MEI) formalizados, que atuem comprovadamente no ramo de eventos.<\/p>\n\n\n\n<p>4) Parcelamento das d\u00edvidas de ICMS com o Estado do Cear\u00e1 em at\u00e9 60 meses (5 anos), com o objetivo de regularizar a situa\u00e7\u00e3o fiscal de empresas do setor de eventos.<\/p>\n\n\n\n<p>5) Quando liberados os eventos presenciais, os equipamentos p\u00fablicos do Estado isentar\u00e3o o pagamento de qualquer taxa ou aluguel por seis meses para os eventos ali sediados.<\/p>\n\n\n\n<figure class=\"wp-block-image size-large\"><img loading=\"lazy\" decoding=\"async\" width=\"1024\" height=\"684\" src=\"https:\/\/blogdorogeriogomes.com.br\/wp-content\/uploads\/2021\/02\/WhatsApp-Image-2021-02-16-at-19.12.34-1200x802-1-1024x684.jpeg\" alt=\"\" class=\"wp-image-20158\" srcset=\"https:\/\/blogdorogeriogomes.com.br\/noticias\/wp-content\/uploads\/2021\/02\/WhatsApp-Image-2021-02-16-at-19.12.34-1200x802-1-1024x684.jpeg 1024w, https:\/\/blogdorogeriogomes.com.br\/noticias\/wp-content\/uploads\/2021\/02\/WhatsApp-Image-2021-02-16-at-19.12.34-1200x802-1-300x201.jpeg 300w, https:\/\/blogdorogeriogomes.com.br\/noticias\/wp-content\/uploads\/2021\/02\/WhatsApp-Image-2021-02-16-at-19.12.34-1200x802-1-768x513.jpeg 768w, https:\/\/blogdorogeriogomes.com.br\/noticias\/wp-content\/uploads\/2021\/02\/WhatsApp-Image-2021-02-16-at-19.12.34-1200x802-1-800x535.jpeg 800w, https:\/\/blogdorogeriogomes.com.br\/noticias\/wp-content\/uploads\/2021\/02\/WhatsApp-Image-2021-02-16-at-19.12.34-1200x802-1.jpeg 1200w\" sizes=\"auto, (max-width: 1024px) 100vw, 1024px\" \/><\/figure>\n","protected":false},"excerpt":{"rendered":"<p>Depois de desmentir boatos de lockdown no Cear\u00e1, a partir desta semana, o governador do Cear\u00e1, Camilo Santana anunciou, nesta ter\u00e7a-feira, dia 16 de fevereiro, medidas de incentivo ao setor de eventos, um dos mais prejudicados financeiramente pelo impacto da pandemia da Covid-19. As medidas s\u00e3o as seguintes: 1) Aux\u00edlio financeiro do Governo do Cear\u00e1 para os profissionais do Setor de Eventos no valor de R$ 1.000, divididos em duas parcelas de R$ 500, mediante cadastro e crit\u00e9rios da&hellip;<\/p>\n","protected":false},"author":1,"featured_media":20158,"comment_status":"open","ping_status":"open","sticky":false,"template":"","format":"standard","meta":{"footnotes":""},"categories":[1],"tags":[],"class_list":["post-20157","post","type-post","status-publish","format-standard","has-post-thumbnail","hentry","category-noticias"],"_links":{"self":[{"href":"https:\/\/blogdorogeriogomes.com.br\/noticias\/wp-json\/wp\/v2\/posts\/20157","targetHints":{"allow":["GET"]}}],"collection":[{"href":"https:\/\/blogdorogeriogomes.com.br\/noticias\/wp-json\/wp\/v2\/posts"}],"about":[{"href":"https:\/\/blogdorogeriogomes.com.br\/noticias\/wp-json\/wp\/v2\/types\/post"}],"author":[{"embeddable":true,"href":"https:\/\/blogdorogeriogomes.com.br\/noticias\/wp-json\/wp\/v2\/users\/1"}],"replies":[{"embeddable":true,"href":"https:\/\/blogdorogeriogomes.com.br\/noticias\/wp-json\/wp\/v2\/comments?post=20157"}],"version-history":[{"count":1,"href":"https:\/\/blogdorogeriogomes.com.br\/noticias\/wp-json\/wp\/v2\/posts\/20157\/revisions"}],"predecessor-version":[{"id":20159,"href":"https:\/\/blogdorogeriogomes.com.br\/noticias\/wp-json\/wp\/v2\/posts\/20157\/revisions\/20159"}],"wp:featuredmedia":[{"embeddable":true,"href":"https:\/\/blogdorogeriogomes.com.br\/noticias\/wp-json\/wp\/v2\/media\/20158"}],"wp:attachment":[{"href":"https:\/\/blogdorogeriogomes.com.br\/noticias\/wp-json\/wp\/v2\/media?parent=20157"}],"wp:term":[{"taxonomy":"category","embeddable":true,"href":"https:\/\/blogdorogeriogomes.com.br\/noticias\/wp-json\/wp\/v2\/categories?post=20157"},{"taxonomy":"post_tag","embeddable":true,"href":"https:\/\/blogdorogeriogomes.com.br\/noticias\/wp-json\/wp\/v2\/tags?post=20157"}],"curies":[{"name":"wp","href":"https:\/\/api.w.org\/{rel}","templated":true}]}}