{"id":20160,"date":"2021-02-17T19:13:40","date_gmt":"2021-02-17T19:13:40","guid":{"rendered":"https:\/\/blogdorogeriogomes.com.br\/?p=20160"},"modified":"2021-02-18T20:47:33","modified_gmt":"2021-02-18T20:47:33","slug":"vereadores-de-fortaleza-enfrentam-dia-de-protestos-de-servidores-contra-reforma-da-previdencia","status":"publish","type":"post","link":"https:\/\/blogdorogeriogomes.com.br\/noticias\/2021\/02\/vereadores-de-fortaleza-enfrentam-dia-de-protestos-de-servidores-contra-reforma-da-previdencia\/","title":{"rendered":"Vereadores de Fortaleza enfrentam dia de protestos de servidores contra reforma da Previd\u00eancia"},"content":{"rendered":"\n<p>A C\u00e2mara Municipal de Fortaleza segue em dias agitados por conta do andamento das pautas da reforma da Previd\u00eancia. Na manh\u00e3 desta quarta-feira, dia 17 de fevereiro, servidores p\u00fablicos municipais realizaram protesto em frente ao pr\u00e9dio do Legislativo e chegaram a impedir a entrada de vereadores para a sess\u00e3o em plen\u00e1rio.<\/p>\n\n\n\n<p>O Sindicato dos Servidores Municipais de Fortaleza (Sindfort) marcou presen\u00e7a na mobiliza\u00e7\u00e3o. Segundo a dirigente sindical Regina Cl\u00e1udia, o projeto apresentado pelo prefeito Sarto Nogueira (PDT) \u00e0 CMFor representa um &#8220;golpe&#8221; nos direitos dos servidores e ser\u00e1 &#8220;pior que a reforma da Previd\u00eancia de Bolsonaro&#8221;. Os manifestantes investiram em compara\u00e7\u00f5es entre Sarto e o presidente.<\/p>\n\n\n\n<p>No interior do Parlamento Municipal, a sess\u00e3o seguiu normalmente. Contudo, com discursos mais amenos e cuidadosos diante dos protestos presenciados. O principal argumento de defesa da reforma \u00e9 que, sem o munic\u00edpio se adequar \u00e0s novas regras previdenci\u00e1rias aprovadas pelo Congresso Nacional, haver\u00e1 d\u00e9ficit de R$ 330 milh\u00f5es apenas em 2021.<\/p>\n\n\n\n<p>A emenda \u00e0 Lei Org\u00e2nica que altera a Previd\u00eancia s\u00f3 deve voltar para a pauta da C\u00e2mara na pr\u00f3xima semana. Segundo o vereador L\u00facio Bruno (PDT), &#8220;n\u00e3o h\u00e1 perigo da mat\u00e9ria ser votada na pr\u00f3xima segunda-feira, dia 22&#8221;, pois ser\u00e1 o dia de reuni\u00e3o entre Sarto e servidores para negocia\u00e7\u00f5es.<\/p>\n\n\n\n<figure class=\"wp-block-image size-large\"><img loading=\"lazy\" decoding=\"async\" width=\"1024\" height=\"576\" src=\"https:\/\/blogdorogeriogomes.com.br\/wp-content\/uploads\/2021\/02\/whatsapp-image-2021-02-17-at-11.11.12-1024x576.jpeg\" alt=\"\" class=\"wp-image-20161\" srcset=\"https:\/\/blogdorogeriogomes.com.br\/noticias\/wp-content\/uploads\/2021\/02\/whatsapp-image-2021-02-17-at-11.11.12-1024x576.jpeg 1024w, https:\/\/blogdorogeriogomes.com.br\/noticias\/wp-content\/uploads\/2021\/02\/whatsapp-image-2021-02-17-at-11.11.12-300x169.jpeg 300w, https:\/\/blogdorogeriogomes.com.br\/noticias\/wp-content\/uploads\/2021\/02\/whatsapp-image-2021-02-17-at-11.11.12-768x432.jpeg 768w, https:\/\/blogdorogeriogomes.com.br\/noticias\/wp-content\/uploads\/2021\/02\/whatsapp-image-2021-02-17-at-11.11.12-800x450.jpeg 800w, https:\/\/blogdorogeriogomes.com.br\/noticias\/wp-content\/uploads\/2021\/02\/whatsapp-image-2021-02-17-at-11.11.12.jpeg 1080w\" sizes=\"auto, (max-width: 1024px) 100vw, 1024px\" \/><\/figure>\n","protected":false},"excerpt":{"rendered":"<p>A C\u00e2mara Municipal de Fortaleza segue em dias agitados por conta do andamento das pautas da reforma da Previd\u00eancia. Na manh\u00e3 desta quarta-feira, dia 17 de fevereiro, servidores p\u00fablicos municipais realizaram protesto em frente ao pr\u00e9dio do Legislativo e chegaram a impedir a entrada de vereadores para a sess\u00e3o em plen\u00e1rio. O Sindicato dos Servidores Municipais de Fortaleza (Sindfort) marcou presen\u00e7a na mobiliza\u00e7\u00e3o. Segundo a dirigente sindical Regina Cl\u00e1udia, o projeto apresentado pelo prefeito Sarto Nogueira (PDT) \u00e0 CMFor&hellip;<\/p>\n","protected":false},"author":1,"featured_media":20161,"comment_status":"open","ping_status":"open","sticky":false,"template":"","format":"standard","meta":{"footnotes":""},"categories":[1],"tags":[],"class_list":["post-20160","post","type-post","status-publish","format-standard","has-post-thumbnail","hentry","category-noticias"],"_links":{"self":[{"href":"https:\/\/blogdorogeriogomes.com.br\/noticias\/wp-json\/wp\/v2\/posts\/20160","targetHints":{"allow":["GET"]}}],"collection":[{"href":"https:\/\/blogdorogeriogomes.com.br\/noticias\/wp-json\/wp\/v2\/posts"}],"about":[{"href":"https:\/\/blogdorogeriogomes.com.br\/noticias\/wp-json\/wp\/v2\/types\/post"}],"author":[{"embeddable":true,"href":"https:\/\/blogdorogeriogomes.com.br\/noticias\/wp-json\/wp\/v2\/users\/1"}],"replies":[{"embeddable":true,"href":"https:\/\/blogdorogeriogomes.com.br\/noticias\/wp-json\/wp\/v2\/comments?post=20160"}],"version-history":[{"count":1,"href":"https:\/\/blogdorogeriogomes.com.br\/noticias\/wp-json\/wp\/v2\/posts\/20160\/revisions"}],"predecessor-version":[{"id":20162,"href":"https:\/\/blogdorogeriogomes.com.br\/noticias\/wp-json\/wp\/v2\/posts\/20160\/revisions\/20162"}],"wp:featuredmedia":[{"embeddable":true,"href":"https:\/\/blogdorogeriogomes.com.br\/noticias\/wp-json\/wp\/v2\/media\/20161"}],"wp:attachment":[{"href":"https:\/\/blogdorogeriogomes.com.br\/noticias\/wp-json\/wp\/v2\/media?parent=20160"}],"wp:term":[{"taxonomy":"category","embeddable":true,"href":"https:\/\/blogdorogeriogomes.com.br\/noticias\/wp-json\/wp\/v2\/categories?post=20160"},{"taxonomy":"post_tag","embeddable":true,"href":"https:\/\/blogdorogeriogomes.com.br\/noticias\/wp-json\/wp\/v2\/tags?post=20160"}],"curies":[{"name":"wp","href":"https:\/\/api.w.org\/{rel}","templated":true}]}}