{"id":20163,"date":"2021-02-17T19:35:26","date_gmt":"2021-02-17T19:35:26","guid":{"rendered":"https:\/\/blogdorogeriogomes.com.br\/?p=20163"},"modified":"2021-02-18T20:47:09","modified_gmt":"2021-02-18T20:47:09","slug":"stf-confirma-por-11-a-0-a-manutencao-da-prisao-de-deputado-bolsonarista-pgr-denuncia-daniel-silveira-por-crime-inafiancavel","status":"publish","type":"post","link":"https:\/\/blogdorogeriogomes.com.br\/noticias\/2021\/02\/stf-confirma-por-11-a-0-a-manutencao-da-prisao-de-deputado-bolsonarista-pgr-denuncia-daniel-silveira-por-crime-inafiancavel\/","title":{"rendered":"STF confirma por 11 a 0 a manuten\u00e7\u00e3o da pris\u00e3o de deputado bolsonarista. PGR denuncia Daniel Silveira por crime inafian\u00e7\u00e1vel"},"content":{"rendered":"\n<p>Por 11 votos a zero, os ministros do Supremo Tribunal Federal (STF) decidiram por manter a pris\u00e3o do deputado bolsonarista Daniel Silveira (PSL-RJ). A decis\u00e3o por unanimidade refor\u00e7a a rea\u00e7\u00e3o en\u00e9rgica contra o parlamentar que publicou um v\u00eddeo nas redes sociais atacando o STF e defendendo a volta do AI-5. <\/p>\n\n\n\n<p>A Procuradoria-Geral da Rep\u00fablica (PGR) denunciou Daniel Silveira ao STF, sob a acusa\u00e7\u00e3o agredir verbalmente e amea\u00e7ar ministros da Corte, incitar a viol\u00eancia, tentar impedir o livre exerc\u00edcio dos poderes Legislativo e Judici\u00e1rio e incitar a animosidade entre as For\u00e7as Armadas e o STF.<\/p>\n\n\n\n<p>A C\u00e2mara dos Deputados tamb\u00e9m vai se reunir em Plen\u00e1rio para decidir pela cassa\u00e7\u00e3o de Silveira. A data ainda n\u00e3o foi confirmada. A Casa tem sess\u00e3o marcada para esta quinta-feira, dia 18, mas pode ser antecipada por conta do julgamento do caso pelos parlamentares.<\/p>\n\n\n\n<figure class=\"wp-block-image size-large\"><img loading=\"lazy\" decoding=\"async\" width=\"770\" height=\"463\" src=\"https:\/\/blogdorogeriogomes.com.br\/wp-content\/uploads\/2021\/02\/noticia_213301.jpg\" alt=\"\" class=\"wp-image-20164\" srcset=\"https:\/\/blogdorogeriogomes.com.br\/noticias\/wp-content\/uploads\/2021\/02\/noticia_213301.jpg 770w, https:\/\/blogdorogeriogomes.com.br\/noticias\/wp-content\/uploads\/2021\/02\/noticia_213301-300x180.jpg 300w, https:\/\/blogdorogeriogomes.com.br\/noticias\/wp-content\/uploads\/2021\/02\/noticia_213301-768x462.jpg 768w\" sizes=\"auto, (max-width: 770px) 100vw, 770px\" \/><\/figure>\n","protected":false},"excerpt":{"rendered":"<p>Por 11 votos a zero, os ministros do Supremo Tribunal Federal (STF) decidiram por manter a pris\u00e3o do deputado bolsonarista Daniel Silveira (PSL-RJ). A decis\u00e3o por unanimidade refor\u00e7a a rea\u00e7\u00e3o en\u00e9rgica contra o parlamentar que publicou um v\u00eddeo nas redes sociais atacando o STF e defendendo a volta do AI-5. A Procuradoria-Geral da Rep\u00fablica (PGR) denunciou Daniel Silveira ao STF, sob a acusa\u00e7\u00e3o agredir verbalmente e amea\u00e7ar ministros da Corte, incitar a viol\u00eancia, tentar impedir o livre exerc\u00edcio dos&hellip;<\/p>\n","protected":false},"author":1,"featured_media":20164,"comment_status":"open","ping_status":"open","sticky":false,"template":"","format":"standard","meta":{"footnotes":""},"categories":[1],"tags":[],"class_list":["post-20163","post","type-post","status-publish","format-standard","has-post-thumbnail","hentry","category-noticias"],"_links":{"self":[{"href":"https:\/\/blogdorogeriogomes.com.br\/noticias\/wp-json\/wp\/v2\/posts\/20163","targetHints":{"allow":["GET"]}}],"collection":[{"href":"https:\/\/blogdorogeriogomes.com.br\/noticias\/wp-json\/wp\/v2\/posts"}],"about":[{"href":"https:\/\/blogdorogeriogomes.com.br\/noticias\/wp-json\/wp\/v2\/types\/post"}],"author":[{"embeddable":true,"href":"https:\/\/blogdorogeriogomes.com.br\/noticias\/wp-json\/wp\/v2\/users\/1"}],"replies":[{"embeddable":true,"href":"https:\/\/blogdorogeriogomes.com.br\/noticias\/wp-json\/wp\/v2\/comments?post=20163"}],"version-history":[{"count":1,"href":"https:\/\/blogdorogeriogomes.com.br\/noticias\/wp-json\/wp\/v2\/posts\/20163\/revisions"}],"predecessor-version":[{"id":20165,"href":"https:\/\/blogdorogeriogomes.com.br\/noticias\/wp-json\/wp\/v2\/posts\/20163\/revisions\/20165"}],"wp:featuredmedia":[{"embeddable":true,"href":"https:\/\/blogdorogeriogomes.com.br\/noticias\/wp-json\/wp\/v2\/media\/20164"}],"wp:attachment":[{"href":"https:\/\/blogdorogeriogomes.com.br\/noticias\/wp-json\/wp\/v2\/media?parent=20163"}],"wp:term":[{"taxonomy":"category","embeddable":true,"href":"https:\/\/blogdorogeriogomes.com.br\/noticias\/wp-json\/wp\/v2\/categories?post=20163"},{"taxonomy":"post_tag","embeddable":true,"href":"https:\/\/blogdorogeriogomes.com.br\/noticias\/wp-json\/wp\/v2\/tags?post=20163"}],"curies":[{"name":"wp","href":"https:\/\/api.w.org\/{rel}","templated":true}]}}