{"id":20166,"date":"2021-02-18T00:23:05","date_gmt":"2021-02-18T00:23:05","guid":{"rendered":"https:\/\/blogdorogeriogomes.com.br\/?p=20166"},"modified":"2021-02-18T20:46:58","modified_gmt":"2021-02-18T20:46:58","slug":"governo-do-ceara-determina-toque-de-recolher-a-partir-das-22-horas-por-causa-do-agravamento-dos-casos-de-covid-19","status":"publish","type":"post","link":"https:\/\/blogdorogeriogomes.com.br\/noticias\/2021\/02\/governo-do-ceara-determina-toque-de-recolher-a-partir-das-22-horas-por-causa-do-agravamento-dos-casos-de-covid-19\/","title":{"rendered":"Governo do Cear\u00e1 determina toque de recolher a partir das 22 horas por causa do agravamento dos casos de Covid-19"},"content":{"rendered":"\n<p>A lota\u00e7\u00e3o de hospitais no Cear\u00e1 fez o Governo do Estado endurecer mais uma vez as regras de distanciamento social. O governador Camilo Santana anunciou que a partir desta quinta-feira, dia 18 de fevereiro, passa a vigorar um toque de recolher das 22 horas at\u00e9 as 5 horas da manh\u00e3 do dia seguinte. A medida \u00e9 v\u00e1lida por 10 dias. Espa\u00e7os p\u00fablicos tamb\u00e9m fechar\u00e3o \u00e0s 17 horas.<\/p>\n\n\n\n<p>Escolas p\u00fablicas e privadas ter\u00e3o funcionamento presencial suspenso, a partir desta sexta-feira, dia 19. O com\u00e9rcio pode continuar funcionando, mas com fechamento determinado para&nbsp;\u00e0s 20 horas na semana e \u00e0s 17 horas, aos s\u00e1bados e domingos. Restaurantes e outros estabelecimentos de alimenta\u00e7\u00e3o fora do lar continuam com funcionamento at\u00e9 \u00e0s 15 horas nos fins de semana.&nbsp;<\/p>\n\n\n\n<p>As barreiras sanit\u00e1rias nas sa\u00eddas das cidades cearenses devem ser refor\u00e7adas. As medidas mais restritivas se devem ao aumento das interna\u00e7\u00f5es de pacientes com a Covid-19. Cinco hospitais de Fortaleza est\u00e3o com 100% dos leitos de UTI ocupados. A&nbsp;m\u00e9dia geral de ocupa\u00e7\u00e3o do leitos de UTI da Capital \u00e9 de&nbsp;89,56%.<\/p>\n\n\n\n<figure class=\"wp-block-image size-large\"><img loading=\"lazy\" decoding=\"async\" width=\"678\" height=\"452\" src=\"https:\/\/blogdorogeriogomes.com.br\/wp-content\/uploads\/2021\/02\/images-16.jpeg\" alt=\"\" class=\"wp-image-20167\" srcset=\"https:\/\/blogdorogeriogomes.com.br\/noticias\/wp-content\/uploads\/2021\/02\/images-16.jpeg 678w, https:\/\/blogdorogeriogomes.com.br\/noticias\/wp-content\/uploads\/2021\/02\/images-16-300x200.jpeg 300w\" sizes=\"auto, (max-width: 678px) 100vw, 678px\" \/><\/figure>\n\n\n\n<p><\/p>\n","protected":false},"excerpt":{"rendered":"<p>A lota\u00e7\u00e3o de hospitais no Cear\u00e1 fez o Governo do Estado endurecer mais uma vez as regras de distanciamento social. O governador Camilo Santana anunciou que a partir desta quinta-feira, dia 18 de fevereiro, passa a vigorar um toque de recolher das 22 horas at\u00e9 as 5 horas da manh\u00e3 do dia seguinte. A medida \u00e9 v\u00e1lida por 10 dias. Espa\u00e7os p\u00fablicos tamb\u00e9m fechar\u00e3o \u00e0s 17 horas. Escolas p\u00fablicas e privadas ter\u00e3o funcionamento presencial suspenso, a partir desta sexta-feira,&hellip;<\/p>\n","protected":false},"author":1,"featured_media":20167,"comment_status":"open","ping_status":"open","sticky":false,"template":"","format":"standard","meta":{"footnotes":""},"categories":[1],"tags":[],"class_list":["post-20166","post","type-post","status-publish","format-standard","has-post-thumbnail","hentry","category-noticias"],"_links":{"self":[{"href":"https:\/\/blogdorogeriogomes.com.br\/noticias\/wp-json\/wp\/v2\/posts\/20166","targetHints":{"allow":["GET"]}}],"collection":[{"href":"https:\/\/blogdorogeriogomes.com.br\/noticias\/wp-json\/wp\/v2\/posts"}],"about":[{"href":"https:\/\/blogdorogeriogomes.com.br\/noticias\/wp-json\/wp\/v2\/types\/post"}],"author":[{"embeddable":true,"href":"https:\/\/blogdorogeriogomes.com.br\/noticias\/wp-json\/wp\/v2\/users\/1"}],"replies":[{"embeddable":true,"href":"https:\/\/blogdorogeriogomes.com.br\/noticias\/wp-json\/wp\/v2\/comments?post=20166"}],"version-history":[{"count":2,"href":"https:\/\/blogdorogeriogomes.com.br\/noticias\/wp-json\/wp\/v2\/posts\/20166\/revisions"}],"predecessor-version":[{"id":20184,"href":"https:\/\/blogdorogeriogomes.com.br\/noticias\/wp-json\/wp\/v2\/posts\/20166\/revisions\/20184"}],"wp:featuredmedia":[{"embeddable":true,"href":"https:\/\/blogdorogeriogomes.com.br\/noticias\/wp-json\/wp\/v2\/media\/20167"}],"wp:attachment":[{"href":"https:\/\/blogdorogeriogomes.com.br\/noticias\/wp-json\/wp\/v2\/media?parent=20166"}],"wp:term":[{"taxonomy":"category","embeddable":true,"href":"https:\/\/blogdorogeriogomes.com.br\/noticias\/wp-json\/wp\/v2\/categories?post=20166"},{"taxonomy":"post_tag","embeddable":true,"href":"https:\/\/blogdorogeriogomes.com.br\/noticias\/wp-json\/wp\/v2\/tags?post=20166"}],"curies":[{"name":"wp","href":"https:\/\/api.w.org\/{rel}","templated":true}]}}