{"id":20169,"date":"2021-02-18T10:38:47","date_gmt":"2021-02-18T10:38:47","guid":{"rendered":"https:\/\/blogdorogeriogomes.com.br\/?p=20169"},"modified":"2021-02-18T20:46:14","modified_gmt":"2021-02-18T20:46:14","slug":"prefeituras-do-ceara-buscam-assembleia-legislativa-em-busca-de-decretos-de-calamidade-publica-para-enfrentar-a-pandemia","status":"publish","type":"post","link":"https:\/\/blogdorogeriogomes.com.br\/noticias\/2021\/02\/prefeituras-do-ceara-buscam-assembleia-legislativa-em-busca-de-decretos-de-calamidade-publica-para-enfrentar-a-pandemia\/","title":{"rendered":"Prefeituras do Cear\u00e1 buscam Assembleia Legislativa em busca de decretos de calamidade p\u00fablica para enfrentar a pandemia"},"content":{"rendered":"\n<p>A Assembleia Legislativa do Cear\u00e1 realiza sess\u00e3o presencial, nesta quinta-feira, dia 18 de fevereiro. Prefeitos do interior j\u00e1 se movimentam para que deputados estaduais analisem pedidos de decreta\u00e7\u00e3o de calamidade p\u00fablica. O instrumento permite descumprir metas fiscais, contratar acima do limite imposto pela Lei de Responsabilidade Fiscal, contratar com dispensa de licita\u00e7\u00e3o e fazer gastos maiores para enfrentar a pandemia da Covid-19. No ano passado, pelo menos 174 dos 184 munic\u00edpios cearenses fizeram uso do mecanismo para, por exemplo, aumentar o n\u00famero de leitos de interna\u00e7\u00e3o par pacientes com o coronav\u00edrus.<\/p>\n\n\n\n<p>As prefeituras de Fortaleza, Maracana\u00fa, Juc\u00e1s, Ibiapina, Antonina do Norte, Jaguaretama e Tarrafas j\u00e1 deram entrada na Assembleia com pedidos de calamidade p\u00fablica para este ano.<\/p>\n\n\n\n<p>Ainda nesta quinta-feira, o governador Camilo Santana deve se reunir virtualmente com os 184 prefeitos do Cear\u00e1, a fim de definir a\u00e7\u00f5es restritivas para evitar a circula\u00e7\u00e3o de pessoas no interior do Estado. A exemplo da Capital, os casos de Covid-19 tamb\u00e9m mostram crescimento acentuado nas grandes cidades do interior cearense.<\/p>\n\n\n\n<figure class=\"wp-block-image size-large\"><img loading=\"lazy\" decoding=\"async\" width=\"400\" height=\"267\" src=\"https:\/\/blogdorogeriogomes.com.br\/wp-content\/uploads\/2021\/02\/e1c7defad452d96ba8470e5f9280c130_L.jpg\" alt=\"\" class=\"wp-image-20170\" srcset=\"https:\/\/blogdorogeriogomes.com.br\/noticias\/wp-content\/uploads\/2021\/02\/e1c7defad452d96ba8470e5f9280c130_L.jpg 400w, https:\/\/blogdorogeriogomes.com.br\/noticias\/wp-content\/uploads\/2021\/02\/e1c7defad452d96ba8470e5f9280c130_L-300x200.jpg 300w\" sizes=\"auto, (max-width: 400px) 100vw, 400px\" \/><\/figure>\n","protected":false},"excerpt":{"rendered":"<p>A Assembleia Legislativa do Cear\u00e1 realiza sess\u00e3o presencial, nesta quinta-feira, dia 18 de fevereiro. Prefeitos do interior j\u00e1 se movimentam para que deputados estaduais analisem pedidos de decreta\u00e7\u00e3o de calamidade p\u00fablica. O instrumento permite descumprir metas fiscais, contratar acima do limite imposto pela Lei de Responsabilidade Fiscal, contratar com dispensa de licita\u00e7\u00e3o e fazer gastos maiores para enfrentar a pandemia da Covid-19. No ano passado, pelo menos 174 dos 184 munic\u00edpios cearenses fizeram uso do mecanismo para, por exemplo,&hellip;<\/p>\n","protected":false},"author":1,"featured_media":20170,"comment_status":"open","ping_status":"open","sticky":false,"template":"","format":"standard","meta":{"footnotes":""},"categories":[1],"tags":[],"class_list":["post-20169","post","type-post","status-publish","format-standard","has-post-thumbnail","hentry","category-noticias"],"_links":{"self":[{"href":"https:\/\/blogdorogeriogomes.com.br\/noticias\/wp-json\/wp\/v2\/posts\/20169","targetHints":{"allow":["GET"]}}],"collection":[{"href":"https:\/\/blogdorogeriogomes.com.br\/noticias\/wp-json\/wp\/v2\/posts"}],"about":[{"href":"https:\/\/blogdorogeriogomes.com.br\/noticias\/wp-json\/wp\/v2\/types\/post"}],"author":[{"embeddable":true,"href":"https:\/\/blogdorogeriogomes.com.br\/noticias\/wp-json\/wp\/v2\/users\/1"}],"replies":[{"embeddable":true,"href":"https:\/\/blogdorogeriogomes.com.br\/noticias\/wp-json\/wp\/v2\/comments?post=20169"}],"version-history":[{"count":1,"href":"https:\/\/blogdorogeriogomes.com.br\/noticias\/wp-json\/wp\/v2\/posts\/20169\/revisions"}],"predecessor-version":[{"id":20171,"href":"https:\/\/blogdorogeriogomes.com.br\/noticias\/wp-json\/wp\/v2\/posts\/20169\/revisions\/20171"}],"wp:featuredmedia":[{"embeddable":true,"href":"https:\/\/blogdorogeriogomes.com.br\/noticias\/wp-json\/wp\/v2\/media\/20170"}],"wp:attachment":[{"href":"https:\/\/blogdorogeriogomes.com.br\/noticias\/wp-json\/wp\/v2\/media?parent=20169"}],"wp:term":[{"taxonomy":"category","embeddable":true,"href":"https:\/\/blogdorogeriogomes.com.br\/noticias\/wp-json\/wp\/v2\/categories?post=20169"},{"taxonomy":"post_tag","embeddable":true,"href":"https:\/\/blogdorogeriogomes.com.br\/noticias\/wp-json\/wp\/v2\/tags?post=20169"}],"curies":[{"name":"wp","href":"https:\/\/api.w.org\/{rel}","templated":true}]}}