{"id":20176,"date":"2021-02-18T18:44:36","date_gmt":"2021-02-18T18:44:36","guid":{"rendered":"https:\/\/blogdorogeriogomes.com.br\/?p=20176"},"modified":"2021-02-18T20:46:41","modified_gmt":"2021-02-18T20:46:41","slug":"governo-do-ceara-aumenta-em-20-o-valor-do-cartao-mais-infancia","status":"publish","type":"post","link":"https:\/\/blogdorogeriogomes.com.br\/noticias\/2021\/02\/governo-do-ceara-aumenta-em-20-o-valor-do-cartao-mais-infancia\/","title":{"rendered":"Governo do Cear\u00e1 aumenta em 20% o valor do Cart\u00e3o Mais Inf\u00e2ncia"},"content":{"rendered":"\n<p>O governador Camilo Santana (PT) anunciou nesta quinta-feira, dia 18 de fevereiro, que haver\u00e1 aumento na ordem de 20% no benef\u00edcio do Cart\u00e3o Mais Inf\u00e2ncia, passando de R$ 85,00 para R$ 100,00 mensais. O aux\u00edlio contempla hoje 70 mil fam\u00edlias nos munic\u00edpios cearenses, destinado a n\u00facleos familiares com crian\u00e7as de 0 a 5 anos e 11 meses que vivem em alta vulnerabilidade social.<\/p>\n\n\n\n<p>A delibera\u00e7\u00e3o foi definida em reuni\u00e3o de Camilo com a vice-governadora, Izolda Cela, e a primeira-dama do Estado, On\u00e9lia Santana.<\/p>\n\n\n\n<p>&#8220;O recurso mensal destinado a esse programa passou de R$ 4 milh\u00f5es por m\u00eas, no ano passado, para R$ 7 milh\u00f5es de reais por m\u00eas este ano, ap\u00f3s o aumento do n\u00famero de fam\u00edlias beneficiadas e o aumento do valor&#8221;, informou o governador em suas redes sociais.<\/p>\n\n\n\n<figure class=\"wp-block-image size-large\"><img loading=\"lazy\" decoding=\"async\" width=\"678\" height=\"452\" src=\"https:\/\/blogdorogeriogomes.com.br\/wp-content\/uploads\/2021\/02\/images-18-1.jpeg\" alt=\"\" class=\"wp-image-20177\" srcset=\"https:\/\/blogdorogeriogomes.com.br\/noticias\/wp-content\/uploads\/2021\/02\/images-18-1.jpeg 678w, https:\/\/blogdorogeriogomes.com.br\/noticias\/wp-content\/uploads\/2021\/02\/images-18-1-300x200.jpeg 300w\" sizes=\"auto, (max-width: 678px) 100vw, 678px\" \/><\/figure>\n","protected":false},"excerpt":{"rendered":"<p>O governador Camilo Santana (PT) anunciou nesta quinta-feira, dia 18 de fevereiro, que haver\u00e1 aumento na ordem de 20% no benef\u00edcio do Cart\u00e3o Mais Inf\u00e2ncia, passando de R$ 85,00 para R$ 100,00 mensais. O aux\u00edlio contempla hoje 70 mil fam\u00edlias nos munic\u00edpios cearenses, destinado a n\u00facleos familiares com crian\u00e7as de 0 a 5 anos e 11 meses que vivem em alta vulnerabilidade social. A delibera\u00e7\u00e3o foi definida em reuni\u00e3o de Camilo com a vice-governadora, Izolda Cela, e a primeira-dama&hellip;<\/p>\n","protected":false},"author":1,"featured_media":20177,"comment_status":"open","ping_status":"open","sticky":false,"template":"","format":"standard","meta":{"footnotes":""},"categories":[1],"tags":[],"class_list":["post-20176","post","type-post","status-publish","format-standard","has-post-thumbnail","hentry","category-noticias"],"_links":{"self":[{"href":"https:\/\/blogdorogeriogomes.com.br\/noticias\/wp-json\/wp\/v2\/posts\/20176","targetHints":{"allow":["GET"]}}],"collection":[{"href":"https:\/\/blogdorogeriogomes.com.br\/noticias\/wp-json\/wp\/v2\/posts"}],"about":[{"href":"https:\/\/blogdorogeriogomes.com.br\/noticias\/wp-json\/wp\/v2\/types\/post"}],"author":[{"embeddable":true,"href":"https:\/\/blogdorogeriogomes.com.br\/noticias\/wp-json\/wp\/v2\/users\/1"}],"replies":[{"embeddable":true,"href":"https:\/\/blogdorogeriogomes.com.br\/noticias\/wp-json\/wp\/v2\/comments?post=20176"}],"version-history":[{"count":1,"href":"https:\/\/blogdorogeriogomes.com.br\/noticias\/wp-json\/wp\/v2\/posts\/20176\/revisions"}],"predecessor-version":[{"id":20178,"href":"https:\/\/blogdorogeriogomes.com.br\/noticias\/wp-json\/wp\/v2\/posts\/20176\/revisions\/20178"}],"wp:featuredmedia":[{"embeddable":true,"href":"https:\/\/blogdorogeriogomes.com.br\/noticias\/wp-json\/wp\/v2\/media\/20177"}],"wp:attachment":[{"href":"https:\/\/blogdorogeriogomes.com.br\/noticias\/wp-json\/wp\/v2\/media?parent=20176"}],"wp:term":[{"taxonomy":"category","embeddable":true,"href":"https:\/\/blogdorogeriogomes.com.br\/noticias\/wp-json\/wp\/v2\/categories?post=20176"},{"taxonomy":"post_tag","embeddable":true,"href":"https:\/\/blogdorogeriogomes.com.br\/noticias\/wp-json\/wp\/v2\/tags?post=20176"}],"curies":[{"name":"wp","href":"https:\/\/api.w.org\/{rel}","templated":true}]}}