{"id":20179,"date":"2021-02-18T18:51:42","date_gmt":"2021-02-18T18:51:42","guid":{"rendered":"https:\/\/blogdorogeriogomes.com.br\/?p=20179"},"modified":"2021-02-18T20:46:27","modified_gmt":"2021-02-18T20:46:27","slug":"vereadores-aprovam-lei-que-inclui-templos-e-igrejas-como-atividades-essenciais-em-fortaleza","status":"publish","type":"post","link":"https:\/\/blogdorogeriogomes.com.br\/noticias\/2021\/02\/vereadores-aprovam-lei-que-inclui-templos-e-igrejas-como-atividades-essenciais-em-fortaleza\/","title":{"rendered":"Vereadores aprovam lei que inclui templos e igrejas como atividades essenciais em Fortaleza"},"content":{"rendered":"\n<p>A C\u00e2mara Municipal de Fortaleza aprovou nesta quinta-feira, dia 18 de fevereiro, a lei que estabelece igrejas e templos religiosos como atividades essenciais. De autoria do vereador e pastor Ronaldo Martins (Republicanos), a mat\u00e9ria contou com 27 votos a favor e tr\u00eas absten\u00e7\u00f5es.<\/p>\n\n\n\n<p>A medida retira as restri\u00e7\u00f5es para a realiza\u00e7\u00e3o de missas e cultos evang\u00e9licos, livre das decis\u00f5es tomadas por Governo do Cear\u00e1 e Prefeitura de Fortaleza diante da pandemia do novo coronav\u00edrus.<\/p>\n\n\n\n<p>O resultado registra uma vit\u00f3ria para a bancada religiosa na Casa, que desde o in\u00edcio da pandemia busca a manuten\u00e7\u00e3o de reuni\u00f5es nestes ambientes. Os parlamentares Guilherme Sampaio (PT), Gabriel Aguiar (PSOL) e Adriana Nossa Cara (PSOL) optaram pela absten\u00e7\u00e3o.<\/p>\n\n\n\n<p>De quebra, a Justi\u00e7a suspendeu a vota\u00e7\u00e3o que aprovou em 1\u00aa discuss\u00e3o a emenda \u00e0 Lei Org\u00e2nica do Munic\u00edpio, umas das que foram enviadas \u00e0 C\u00e2mara Municipal de Fortaleza e que preparam as bases para o encaminhamento da reforma da Previd\u00eancia dos servidores municipais.&nbsp;<\/p>\n\n\n\n<figure class=\"wp-block-image size-large\"><img loading=\"lazy\" decoding=\"async\" width=\"1024\" height=\"683\" src=\"https:\/\/blogdorogeriogomes.com.br\/wp-content\/uploads\/2021\/02\/DSC_1126-1024x683-1.jpg\" alt=\"\" class=\"wp-image-20180\" srcset=\"https:\/\/blogdorogeriogomes.com.br\/noticias\/wp-content\/uploads\/2021\/02\/DSC_1126-1024x683-1.jpg 1024w, https:\/\/blogdorogeriogomes.com.br\/noticias\/wp-content\/uploads\/2021\/02\/DSC_1126-1024x683-1-300x200.jpg 300w, https:\/\/blogdorogeriogomes.com.br\/noticias\/wp-content\/uploads\/2021\/02\/DSC_1126-1024x683-1-768x512.jpg 768w, https:\/\/blogdorogeriogomes.com.br\/noticias\/wp-content\/uploads\/2021\/02\/DSC_1126-1024x683-1-800x534.jpg 800w\" sizes=\"auto, (max-width: 1024px) 100vw, 1024px\" \/><\/figure>\n","protected":false},"excerpt":{"rendered":"<p>A C\u00e2mara Municipal de Fortaleza aprovou nesta quinta-feira, dia 18 de fevereiro, a lei que estabelece igrejas e templos religiosos como atividades essenciais. De autoria do vereador e pastor Ronaldo Martins (Republicanos), a mat\u00e9ria contou com 27 votos a favor e tr\u00eas absten\u00e7\u00f5es. A medida retira as restri\u00e7\u00f5es para a realiza\u00e7\u00e3o de missas e cultos evang\u00e9licos, livre das decis\u00f5es tomadas por Governo do Cear\u00e1 e Prefeitura de Fortaleza diante da pandemia do novo coronav\u00edrus. O resultado registra uma vit\u00f3ria&hellip;<\/p>\n","protected":false},"author":1,"featured_media":20180,"comment_status":"open","ping_status":"open","sticky":false,"template":"","format":"standard","meta":{"footnotes":""},"categories":[1],"tags":[],"class_list":["post-20179","post","type-post","status-publish","format-standard","has-post-thumbnail","hentry","category-noticias"],"_links":{"self":[{"href":"https:\/\/blogdorogeriogomes.com.br\/noticias\/wp-json\/wp\/v2\/posts\/20179","targetHints":{"allow":["GET"]}}],"collection":[{"href":"https:\/\/blogdorogeriogomes.com.br\/noticias\/wp-json\/wp\/v2\/posts"}],"about":[{"href":"https:\/\/blogdorogeriogomes.com.br\/noticias\/wp-json\/wp\/v2\/types\/post"}],"author":[{"embeddable":true,"href":"https:\/\/blogdorogeriogomes.com.br\/noticias\/wp-json\/wp\/v2\/users\/1"}],"replies":[{"embeddable":true,"href":"https:\/\/blogdorogeriogomes.com.br\/noticias\/wp-json\/wp\/v2\/comments?post=20179"}],"version-history":[{"count":3,"href":"https:\/\/blogdorogeriogomes.com.br\/noticias\/wp-json\/wp\/v2\/posts\/20179\/revisions"}],"predecessor-version":[{"id":20183,"href":"https:\/\/blogdorogeriogomes.com.br\/noticias\/wp-json\/wp\/v2\/posts\/20179\/revisions\/20183"}],"wp:featuredmedia":[{"embeddable":true,"href":"https:\/\/blogdorogeriogomes.com.br\/noticias\/wp-json\/wp\/v2\/media\/20180"}],"wp:attachment":[{"href":"https:\/\/blogdorogeriogomes.com.br\/noticias\/wp-json\/wp\/v2\/media?parent=20179"}],"wp:term":[{"taxonomy":"category","embeddable":true,"href":"https:\/\/blogdorogeriogomes.com.br\/noticias\/wp-json\/wp\/v2\/categories?post=20179"},{"taxonomy":"post_tag","embeddable":true,"href":"https:\/\/blogdorogeriogomes.com.br\/noticias\/wp-json\/wp\/v2\/tags?post=20179"}],"curies":[{"name":"wp","href":"https:\/\/api.w.org\/{rel}","templated":true}]}}