{"id":20189,"date":"2021-02-19T11:41:52","date_gmt":"2021-02-19T11:41:52","guid":{"rendered":"https:\/\/blogdorogeriogomes.com.br\/?p=20189"},"modified":"2021-02-19T18:19:28","modified_gmt":"2021-02-19T18:19:28","slug":"toque-de-recolher-gera-impasse-em-relacao-a-jogos-do-fortaleza-e-ceara-na-arena-castelao","status":"publish","type":"post","link":"https:\/\/blogdorogeriogomes.com.br\/noticias\/2021\/02\/toque-de-recolher-gera-impasse-em-relacao-a-jogos-do-fortaleza-e-ceara-na-arena-castelao\/","title":{"rendered":"Toque de recolher gera impasse em rela\u00e7\u00e3o a jogos do Fortaleza e Cear\u00e1 na Arena Castel\u00e3o"},"content":{"rendered":"\n<p>O Governo do Cear\u00e1 entrou em entendimento com a FCF, Cear\u00e1 e Fortaleza para realizar a rodada da S\u00e9rie A na Arena Castel\u00e3o. A pr\u00f3xima rodada do Brasileir\u00e3o 2020 envolvendo os jogos do Fortaleza e do Cear\u00e1, na Arena Castel\u00e3o, estava com hor\u00e1rios que superavam o toque de recolher imposto pelo Governo do Cear\u00e1, esta semana, que vai de 22 horas \u00e0s 5 horas do dia seguinte. Fortaleza x Bahia est\u00e1 mantido para este s\u00e1bado, \u00e0s 21 horas, deste s\u00e1bado, dia 20 de fevereiro. O Cear\u00e1 tem jogo marcado contra o Botafogo, quinta-feira, dia 25, \u00e0s 21h30min.<br>CBF e Federa\u00e7\u00e3o Cearense de Futebol buscavam uma solu\u00e7\u00e3o com o Governo do Estado. Pelo regulamento, a equipe que n\u00e3o pode mandar o jogo no est\u00e1dio da sua cidade, deve levar a partida para outro local.<\/p>\n\n\n\n<figure class=\"wp-block-image size-large\"><img loading=\"lazy\" decoding=\"async\" width=\"750\" height=\"500\" src=\"https:\/\/blogdorogeriogomes.com.br\/wp-content\/uploads\/2021\/02\/1_fortaleza_x_palmeiras_3-13826141.jpg\" alt=\"\" class=\"wp-image-20190\" srcset=\"https:\/\/blogdorogeriogomes.com.br\/noticias\/wp-content\/uploads\/2021\/02\/1_fortaleza_x_palmeiras_3-13826141.jpg 750w, https:\/\/blogdorogeriogomes.com.br\/noticias\/wp-content\/uploads\/2021\/02\/1_fortaleza_x_palmeiras_3-13826141-300x200.jpg 300w\" sizes=\"auto, (max-width: 750px) 100vw, 750px\" \/><\/figure>\n","protected":false},"excerpt":{"rendered":"<p>O Governo do Cear\u00e1 entrou em entendimento com a FCF, Cear\u00e1 e Fortaleza para realizar a rodada da S\u00e9rie A na Arena Castel\u00e3o. A pr\u00f3xima rodada do Brasileir\u00e3o 2020 envolvendo os jogos do Fortaleza e do Cear\u00e1, na Arena Castel\u00e3o, estava com hor\u00e1rios que superavam o toque de recolher imposto pelo Governo do Cear\u00e1, esta semana, que vai de 22 horas \u00e0s 5 horas do dia seguinte. Fortaleza x Bahia est\u00e1 mantido para este s\u00e1bado, \u00e0s 21 horas, deste&hellip;<\/p>\n","protected":false},"author":1,"featured_media":20190,"comment_status":"open","ping_status":"open","sticky":false,"template":"","format":"standard","meta":{"footnotes":""},"categories":[1],"tags":[],"class_list":["post-20189","post","type-post","status-publish","format-standard","has-post-thumbnail","hentry","category-noticias"],"_links":{"self":[{"href":"https:\/\/blogdorogeriogomes.com.br\/noticias\/wp-json\/wp\/v2\/posts\/20189","targetHints":{"allow":["GET"]}}],"collection":[{"href":"https:\/\/blogdorogeriogomes.com.br\/noticias\/wp-json\/wp\/v2\/posts"}],"about":[{"href":"https:\/\/blogdorogeriogomes.com.br\/noticias\/wp-json\/wp\/v2\/types\/post"}],"author":[{"embeddable":true,"href":"https:\/\/blogdorogeriogomes.com.br\/noticias\/wp-json\/wp\/v2\/users\/1"}],"replies":[{"embeddable":true,"href":"https:\/\/blogdorogeriogomes.com.br\/noticias\/wp-json\/wp\/v2\/comments?post=20189"}],"version-history":[{"count":2,"href":"https:\/\/blogdorogeriogomes.com.br\/noticias\/wp-json\/wp\/v2\/posts\/20189\/revisions"}],"predecessor-version":[{"id":20192,"href":"https:\/\/blogdorogeriogomes.com.br\/noticias\/wp-json\/wp\/v2\/posts\/20189\/revisions\/20192"}],"wp:featuredmedia":[{"embeddable":true,"href":"https:\/\/blogdorogeriogomes.com.br\/noticias\/wp-json\/wp\/v2\/media\/20190"}],"wp:attachment":[{"href":"https:\/\/blogdorogeriogomes.com.br\/noticias\/wp-json\/wp\/v2\/media?parent=20189"}],"wp:term":[{"taxonomy":"category","embeddable":true,"href":"https:\/\/blogdorogeriogomes.com.br\/noticias\/wp-json\/wp\/v2\/categories?post=20189"},{"taxonomy":"post_tag","embeddable":true,"href":"https:\/\/blogdorogeriogomes.com.br\/noticias\/wp-json\/wp\/v2\/tags?post=20189"}],"curies":[{"name":"wp","href":"https:\/\/api.w.org\/{rel}","templated":true}]}}